{"id":2924,"date":"2019-07-18T19:55:14","date_gmt":"2019-07-18T19:55:14","guid":{"rendered":"https:\/\/new.mandomedio.com\/peru\/?p=2924"},"modified":"2019-07-18T19:55:14","modified_gmt":"2019-07-18T19:55:14","slug":"comunicacion-interna-la-era-digital-llego-para-revolucionar-todos-los-procesos","status":"publish","type":"post","link":"https:\/\/mandomedio.com\/peru\/blog\/comunicacion-interna-la-era-digital-llego-para-revolucionar-todos-los-procesos\/","title":{"rendered":"Retos y tendencias en la Comunicaci\u00f3n Interna. La era digital lleg\u00f3 para revolucionar todos los procesos."},"content":{"rendered":"\t\t<div data-elementor-type=\"wp-post\" data-elementor-id=\"2924\" class=\"elementor elementor-2924\" data-elementor-post-type=\"post\">\n\t\t\t\t\t\t<section class=\"elementor-section elementor-top-section elementor-element elementor-element-e80cd5e elementor-section-boxed elementor-section-height-default elementor-section-height-default\" data-id=\"e80cd5e\" data-element_type=\"section\" data-e-type=\"section\">\n\t\t\t\t\t\t<div class=\"elementor-container elementor-column-gap-default\">\n\t\t\t\t\t<div class=\"elementor-column elementor-col-100 elementor-top-column elementor-element elementor-element-8805241\" data-id=\"8805241\" data-element_type=\"column\" data-e-type=\"column\">\n\t\t\t<div class=\"elementor-widget-wrap elementor-element-populated\">\n\t\t\t\t\t\t<div class=\"elementor-element elementor-element-cc33f1c elementor-widget elementor-widget-image\" data-id=\"cc33f1c\" data-element_type=\"widget\" data-e-type=\"widget\" data-widget_type=\"image.default\">\n\t\t\t\t<div class=\"elementor-widget-container\">\n\t\t\t\t\t\t\t\t\t\t\t\t\t\t\t<img decoding=\"async\" src=\"https:\/\/new.mandomedio.com\/peru\/wp-content\/uploads\/2019\/07\/Principal-1.png\" title=\"\" alt=\"\" loading=\"lazy\" \/>\t\t\t\t\t\t\t\t\t\t\t\t\t\t\t<\/div>\n\t\t\t\t<\/div>\n\t\t\t\t<div class=\"elementor-element elementor-element-02434bc elementor-widget elementor-widget-text-editor\" data-id=\"02434bc\" data-element_type=\"widget\" data-e-type=\"widget\" data-widget_type=\"text-editor.default\">\n\t\t\t\t<div class=\"elementor-widget-container\">\n\t\t\t\t\t\t\t\t\t<div class=\"page\" data-page-number=\"1\" data-loaded=\"true\"><div class=\"textLayer\"><div class=\"entry clr\"><div><p>La <strong><span style=\"color: #ff6600\">era digital<\/span><\/strong> ha revolucionado todos los procesos de una empresa, desde la producci\u00f3n, difusi\u00f3n y comercializaci\u00f3n, entre otros. Sin embargo, no debemos olvidar que la comunicaci\u00f3n tambi\u00e9n ha cambiado, lo que nos obliga a considerar nuevas alternativas para transmitir nuestros mensajes, <strong><span style=\"color: #ff6600\">tanto a nivel interno como externo<\/span><\/strong>.<\/p><p>Tomando en cuenta esta premisa, <strong><span style=\"color: #ff6600\">Mandomedio Per\u00fa<\/span><\/strong> y <span style=\"text-decoration: underline\"><strong><a href=\"https:\/\/new.mandomedio.com\/peru\/comunicacion-corporativa\/mural-digital\/\" target=\"_blank\" rel=\"noopener\"><span style=\"color: #ff6600;text-decoration: underline\">Vixonic<\/span><\/a><\/strong><\/span> organizaron el desayuno de trabajo \u201cRetos y Tendencias en la era digital de la Comunicaci\u00f3n Interna\u201d con el apoyo de la C\u00e1mara de Comercio Peruano Chilena, con la participaci\u00f3n de Marco Estacio, Jefe de Comunicaci\u00f3n Interna en Arca Continental Lindley.<\/p><p>Durante su exposici\u00f3n, el especialista hizo reflexionar a los asistentes acerca de los cambios que ha generado la era digital en su trabajo.<\/p><p>\u00a0<\/p><h5><strong><span style=\"color: #ff6600\">Estacio plante\u00f3 cuatro retos a considerar en el proceso de comunicaci\u00f3n interna que se desarrollan en las empresas:<\/span><\/strong><\/h5><p>\u00a0<\/p><ul><li>Entender que la transformaci\u00f3n digital <span style=\"color: #ff6600\">va de la mano con un cambio cultural<\/span>, resaltando la idea de que no es c\u00f3mo se usa sino c\u00f3mo se hacen las cosas con la tecnolog\u00eda.<\/li><li>Desarrollar una <span style=\"color: #ff6600\">estrategia de contenido<\/span> que brinde valor al colaborador y que incluya conceptos claves como la marca corporativa, la cultura organizacional, la estrategia de negocio, etc.<\/li><li>Es necesario considerar una <span style=\"color: #ff6600\">estrategia de uso de tecnolog\u00edas<\/span> que facilite el acercamiento al p\u00fablico interno, como por ejemplo las redes sociales laborales.<\/li><li>La <span style=\"color: #ff6600\">transformaci\u00f3n es constante<\/span>; por lo tanto, debemos estar preparados para lo que viene y saber c\u00f3mo adaptarnos a las nuevas tecnolog\u00edas.<\/li><\/ul><p>Otra de las ideas relevantes mencionadas durante el desayuno fue el <strong><span style=\"color: #ff6600\">proceso de estrategia de contenido<\/span><\/strong> propuesto por Estacio, que se basa en las 4E: Esquematizar el trabajo, segmentando al p\u00fablico y estableciendo un sistema de administraci\u00f3n; Estructurar a trav\u00e9s de manuales de identidad y estilo; Empoderar a trav\u00e9s de la preparaci\u00f3n a equipos de recursos humanos y red de voceros; y <strong><span style=\"color: #ff6600\">Evaluar los resultados con indicadores de valor<\/span><\/strong>.<\/p><p>La conferencia cont\u00f3 tambi\u00e9n con la participaci\u00f3n de Sergio D\u00edaz y Jackeline Hospinal, Jefes de producto Vixonic en Chile y Per\u00fa, respectivamente, quienes expusieron de los beneficios de un <span style=\"text-decoration: underline\"><strong><a href=\"https:\/\/new.mandomedio.com\/peru\/comunicacion-corporativa\/mural-digital\/\" target=\"_blank\" rel=\"noopener\"><span style=\"color: #ff6600;text-decoration: underline\">mural digital como Vixonic<\/span><\/a><\/strong><\/span>.<\/p><\/div><div><p>Se culmin\u00f3 el evento reforzando la necesidad de que los participantes <strong><span style=\"color: #ff6600\">consideren a la tecnolog\u00eda como un elemento fundamental<\/span> <\/strong>para el desarrollo de sus estrategias de comunicaci\u00f3n interna. Ello facilitar\u00e1 una llegada m\u00e1s fluida y el cumplimiento de sus objetivos empresariales.<\/p><p><b>Dato:\u00a0<\/b><strong>Arca Continental Lindley implement\u00f3 la plataforma de Vixonic hace m\u00e1s de 7 a\u00f1os en su compa\u00f1\u00eda, herramienta de comunicaci\u00f3n interna que ha facilitado la integraci\u00f3n de sus colaboradores en planta.<\/strong><\/p><\/div><p><img fetchpriority=\"high\" decoding=\"async\" class=\"alignnone wp-image-2768 size-medium\" src=\"https:\/\/new.mandomedio.com\/peru.pe\/web\/wp-content\/uploads\/2019\/07\/IMG_2649-1-300x225.jpg\" alt=\"\" width=\"300\" height=\"225\" \/>\u00a0<img decoding=\"async\" class=\"alignnone size-medium wp-image-2769\" src=\"https:\/\/new.mandomedio.com\/peru.pe\/web\/wp-content\/uploads\/2019\/07\/IMG_2638-300x225.jpg\" alt=\"\" width=\"300\" height=\"225\" \/>\u00a0<img decoding=\"async\" class=\"alignnone size-medium wp-image-2770\" src=\"https:\/\/new.mandomedio.com\/peru.pe\/web\/wp-content\/uploads\/2019\/07\/IMG_2598-300x225.jpg\" alt=\"\" width=\"300\" height=\"225\" \/>\u00a0<img loading=\"lazy\" decoding=\"async\" class=\"alignnone size-medium wp-image-2771\" src=\"https:\/\/new.mandomedio.com\/peru.pe\/web\/wp-content\/uploads\/2019\/07\/IMG_2578-300x225.jpg\" alt=\"\" width=\"300\" height=\"225\" \/><\/p><\/div><\/div><\/div>\t\t\t\t\t\t\t\t<\/div>\n\t\t\t\t<\/div>\n\t\t\t\t<div class=\"elementor-element elementor-element-645a3be elementor-widget elementor-widget-text-editor\" data-id=\"645a3be\" data-element_type=\"widget\" data-e-type=\"widget\" data-widget_type=\"text-editor.default\">\n\t\t\t\t<div class=\"elementor-widget-container\">\n\t\t\t\t\t\t\t\t\t<p>\u00a0<\/p><p style=\"text-align: center\">Te invitamos a conocer <strong><span style=\"color: #ff6600\">Vixonic<\/span><\/strong>, la principal herramienta de <strong><span style=\"color: #ff6600\">comunicaci\u00f3n corporativa<\/span><\/strong> de latinoam\u00e9rica.<\/p><p style=\"text-align: center\"><strong><span style=\"text-decoration: underline\"><a href=\"https:\/\/www.vixonic.com\/\" target=\"_blank\" rel=\"noopener\"><span style=\"color: #ff6600;text-decoration: underline\">Impulsamos la innovaci\u00f3n digital de tu empresa. \u00a1Haz clic aqu\u00ed!<\/span><\/a><\/span><\/strong><\/p>\t\t\t\t\t\t\t\t<\/div>\n\t\t\t\t<\/div>\n\t\t\t\t\t<\/div>\n\t\t<\/div>\n\t\t\t\t\t<\/div>\n\t\t<\/section>\n\t\t\t\t<section class=\"elementor-section elementor-top-section elementor-element elementor-element-d98b89c elementor-section-boxed elementor-section-height-default elementor-section-height-default\" data-id=\"d98b89c\" data-element_type=\"section\" data-e-type=\"section\">\n\t\t\t\t\t\t<div class=\"elementor-container elementor-column-gap-default\">\n\t\t\t\t\t<div class=\"elementor-column elementor-col-100 elementor-top-column elementor-element elementor-element-84d49fa\" data-id=\"84d49fa\" data-element_type=\"column\" data-e-type=\"column\">\n\t\t\t<div class=\"elementor-widget-wrap elementor-element-populated\">\n\t\t\t\t\t\t<div class=\"elementor-element elementor-element-5c73ee0 elementor-widget elementor-widget-heading\" data-id=\"5c73ee0\" data-element_type=\"widget\" data-e-type=\"widget\" data-widget_type=\"heading.default\">\n\t\t\t\t<div class=\"elementor-widget-container\">\n\t\t\t\t\t<h2 class=\"elementor-heading-title elementor-size-default\">Post recientes<\/h2>\t\t\t\t<\/div>\n\t\t\t\t<\/div>\n\t\t\t\t\t<\/div>\n\t\t<\/div>\n\t\t\t\t\t<\/div>\n\t\t<\/section>\n\t\t\t\t<\/div>\n\t\t","protected":false},"excerpt":{"rendered":"<p>La era digital ha revolucionado todos los procesos de una empresa, desde la producci\u00f3n, difusi\u00f3n y comercializaci\u00f3n, entre otros. \u00a1Conoce m\u00e1s aqu\u00ed!<\/p>\n","protected":false},"author":1,"featured_media":2601,"comment_status":"closed","ping_status":"open","sticky":false,"template":"","format":"standard","meta":{"footnotes":""},"categories":[7,26],"tags":[502,454,513,480,148,514],"class_list":["post-2924","post","type-post","status-publish","format-standard","has-post-thumbnail","hentry","category-blog","category-noticias-blog","tag-blog","tag-comunicacion-interna","tag-era-digital","tag-mandomedio-peru","tag-procesos","tag-revolucionar"],"yoast_head":"<!-- This site is optimized with the Yoast SEO plugin v26.9 - https:\/\/yoast.com\/product\/yoast-seo-wordpress\/ -->\n<title>La era digital lleg\u00f3 para revolucionar procesos | Mandomedio Per\u00fa<\/title>\n<meta name=\"description\" content=\"La era digital ha revolucionado todos los procesos de una empresa, desde la producci\u00f3n, difusi\u00f3n y comercializaci\u00f3n, entre otros. \u00a1Conoce m\u00e1s aqu\u00ed!\" \/>\n<meta name=\"robots\" content=\"index, follow, max-snippet:-1, max-image-preview:large, max-video-preview:-1\" \/>\n<link rel=\"canonical\" href=\"https:\/\/mandomedio.com\/peru\/blog\/comunicacion-interna-la-era-digital-llego-para-revolucionar-todos-los-procesos\/\" \/>\n<meta property=\"og:locale\" content=\"en_US\" \/>\n<meta property=\"og:type\" content=\"article\" \/>\n<meta property=\"og:title\" content=\"La era digital lleg\u00f3 para revolucionar procesos | Mandomedio Per\u00fa\" \/>\n<meta property=\"og:description\" content=\"La era digital ha revolucionado todos los procesos de una empresa, desde la producci\u00f3n, difusi\u00f3n y comercializaci\u00f3n, entre otros. \u00a1Conoce m\u00e1s aqu\u00ed!\" \/>\n<meta property=\"og:url\" content=\"https:\/\/mandomedio.com\/peru\/blog\/comunicacion-interna-la-era-digital-llego-para-revolucionar-todos-los-procesos\/\" \/>\n<meta property=\"og:site_name\" content=\"Mandomedio.com\" \/>\n<meta property=\"article:published_time\" content=\"2019-07-18T19:55:14+00:00\" \/>\n<meta name=\"author\" content=\"comunicaciones@mandomedio.com\" \/>\n<meta name=\"twitter:card\" content=\"summary_large_image\" \/>\n<meta name=\"twitter:label1\" content=\"Written by\" \/>\n\t<meta name=\"twitter:data1\" content=\"comunicaciones@mandomedio.com\" \/>\n\t<meta name=\"twitter:label2\" content=\"Est. reading time\" \/>\n\t<meta name=\"twitter:data2\" content=\"3 minutes\" \/>\n<script type=\"application\/ld+json\" class=\"yoast-schema-graph\">{\"@context\":\"https:\/\/schema.org\",\"@graph\":[{\"@type\":\"Article\",\"@id\":\"https:\/\/mandomedio.com\/peru\/blog\/comunicacion-interna-la-era-digital-llego-para-revolucionar-todos-los-procesos\/#article\",\"isPartOf\":{\"@id\":\"https:\/\/mandomedio.com\/peru\/blog\/comunicacion-interna-la-era-digital-llego-para-revolucionar-todos-los-procesos\/\"},\"author\":{\"name\":\"comunicaciones@mandomedio.com\",\"@id\":\"https:\/\/mandomedio.com\/peru\/#\/schema\/person\/689c95c0f55de372d8310543497e27c9\"},\"headline\":\"Retos y tendencias en la Comunicaci\u00f3n Interna. La era digital lleg\u00f3 para revolucionar todos los procesos.\",\"datePublished\":\"2019-07-18T19:55:14+00:00\",\"mainEntityOfPage\":{\"@id\":\"https:\/\/mandomedio.com\/peru\/blog\/comunicacion-interna-la-era-digital-llego-para-revolucionar-todos-los-procesos\/\"},\"wordCount\":540,\"image\":{\"@id\":\"https:\/\/mandomedio.com\/peru\/blog\/comunicacion-interna-la-era-digital-llego-para-revolucionar-todos-los-procesos\/#primaryimage\"},\"thumbnailUrl\":\"\",\"keywords\":[\"blog\",\"comunicaci\u00f3n interna\",\"era digital\",\"mandomedio peru\",\"procesos\",\"revolucionar\"],\"articleSection\":[\"blog\",\"Noticias\"],\"inLanguage\":\"en-US\"},{\"@type\":\"WebPage\",\"@id\":\"https:\/\/mandomedio.com\/peru\/blog\/comunicacion-interna-la-era-digital-llego-para-revolucionar-todos-los-procesos\/\",\"url\":\"https:\/\/mandomedio.com\/peru\/blog\/comunicacion-interna-la-era-digital-llego-para-revolucionar-todos-los-procesos\/\",\"name\":\"La era digital lleg\u00f3 para revolucionar procesos | Mandomedio Per\u00fa\",\"isPartOf\":{\"@id\":\"https:\/\/mandomedio.com\/peru\/#website\"},\"primaryImageOfPage\":{\"@id\":\"https:\/\/mandomedio.com\/peru\/blog\/comunicacion-interna-la-era-digital-llego-para-revolucionar-todos-los-procesos\/#primaryimage\"},\"image\":{\"@id\":\"https:\/\/mandomedio.com\/peru\/blog\/comunicacion-interna-la-era-digital-llego-para-revolucionar-todos-los-procesos\/#primaryimage\"},\"thumbnailUrl\":\"\",\"datePublished\":\"2019-07-18T19:55:14+00:00\",\"author\":{\"@id\":\"https:\/\/mandomedio.com\/peru\/#\/schema\/person\/689c95c0f55de372d8310543497e27c9\"},\"description\":\"La era digital ha revolucionado todos los procesos de una empresa, desde la producci\u00f3n, difusi\u00f3n y comercializaci\u00f3n, entre otros. \u00a1Conoce m\u00e1s aqu\u00ed!\",\"breadcrumb\":{\"@id\":\"https:\/\/mandomedio.com\/peru\/blog\/comunicacion-interna-la-era-digital-llego-para-revolucionar-todos-los-procesos\/#breadcrumb\"},\"inLanguage\":\"en-US\",\"potentialAction\":[{\"@type\":\"ReadAction\",\"target\":[\"https:\/\/mandomedio.com\/peru\/blog\/comunicacion-interna-la-era-digital-llego-para-revolucionar-todos-los-procesos\/\"]}]},{\"@type\":\"ImageObject\",\"inLanguage\":\"en-US\",\"@id\":\"https:\/\/mandomedio.com\/peru\/blog\/comunicacion-interna-la-era-digital-llego-para-revolucionar-todos-los-procesos\/#primaryimage\",\"url\":\"\",\"contentUrl\":\"\"},{\"@type\":\"BreadcrumbList\",\"@id\":\"https:\/\/mandomedio.com\/peru\/blog\/comunicacion-interna-la-era-digital-llego-para-revolucionar-todos-los-procesos\/#breadcrumb\",\"itemListElement\":[{\"@type\":\"ListItem\",\"position\":1,\"name\":\"Home\",\"item\":\"https:\/\/mandomedio.com\/peru\/\"},{\"@type\":\"ListItem\",\"position\":2,\"name\":\"Retos y tendencias en la Comunicaci\u00f3n Interna. La era digital lleg\u00f3 para revolucionar todos los procesos.\"}]},{\"@type\":\"WebSite\",\"@id\":\"https:\/\/mandomedio.com\/peru\/#website\",\"url\":\"https:\/\/mandomedio.com\/peru\/\",\"name\":\"Mandomedio.com\",\"description\":\"\",\"potentialAction\":[{\"@type\":\"SearchAction\",\"target\":{\"@type\":\"EntryPoint\",\"urlTemplate\":\"https:\/\/mandomedio.com\/peru\/?s={search_term_string}\"},\"query-input\":{\"@type\":\"PropertyValueSpecification\",\"valueRequired\":true,\"valueName\":\"search_term_string\"}}],\"inLanguage\":\"en-US\"},{\"@type\":\"Person\",\"@id\":\"https:\/\/mandomedio.com\/peru\/#\/schema\/person\/689c95c0f55de372d8310543497e27c9\",\"name\":\"comunicaciones@mandomedio.com\",\"sameAs\":[\"https:\/\/new.mandomedio.com\"],\"url\":\"https:\/\/mandomedio.com\/peru\/blog\/author\/comunicacionesmandomedio-com\/\"}]}<\/script>\n<!-- \/ Yoast SEO plugin. -->","yoast_head_json":{"title":"La era digital lleg\u00f3 para revolucionar procesos | Mandomedio Per\u00fa","description":"La era digital ha revolucionado todos los procesos de una empresa, desde la producci\u00f3n, difusi\u00f3n y comercializaci\u00f3n, entre otros. \u00a1Conoce m\u00e1s aqu\u00ed!","robots":{"index":"index","follow":"follow","max-snippet":"max-snippet:-1","max-image-preview":"max-image-preview:large","max-video-preview":"max-video-preview:-1"},"canonical":"https:\/\/mandomedio.com\/peru\/blog\/comunicacion-interna-la-era-digital-llego-para-revolucionar-todos-los-procesos\/","og_locale":"en_US","og_type":"article","og_title":"La era digital lleg\u00f3 para revolucionar procesos | Mandomedio Per\u00fa","og_description":"La era digital ha revolucionado todos los procesos de una empresa, desde la producci\u00f3n, difusi\u00f3n y comercializaci\u00f3n, entre otros. \u00a1Conoce m\u00e1s aqu\u00ed!","og_url":"https:\/\/mandomedio.com\/peru\/blog\/comunicacion-interna-la-era-digital-llego-para-revolucionar-todos-los-procesos\/","og_site_name":"Mandomedio.com","article_published_time":"2019-07-18T19:55:14+00:00","author":"comunicaciones@mandomedio.com","twitter_card":"summary_large_image","twitter_misc":{"Written by":"comunicaciones@mandomedio.com","Est. reading time":"3 minutes"},"schema":{"@context":"https:\/\/schema.org","@graph":[{"@type":"Article","@id":"https:\/\/mandomedio.com\/peru\/blog\/comunicacion-interna-la-era-digital-llego-para-revolucionar-todos-los-procesos\/#article","isPartOf":{"@id":"https:\/\/mandomedio.com\/peru\/blog\/comunicacion-interna-la-era-digital-llego-para-revolucionar-todos-los-procesos\/"},"author":{"name":"comunicaciones@mandomedio.com","@id":"https:\/\/mandomedio.com\/peru\/#\/schema\/person\/689c95c0f55de372d8310543497e27c9"},"headline":"Retos y tendencias en la Comunicaci\u00f3n Interna. La era digital lleg\u00f3 para revolucionar todos los procesos.","datePublished":"2019-07-18T19:55:14+00:00","mainEntityOfPage":{"@id":"https:\/\/mandomedio.com\/peru\/blog\/comunicacion-interna-la-era-digital-llego-para-revolucionar-todos-los-procesos\/"},"wordCount":540,"image":{"@id":"https:\/\/mandomedio.com\/peru\/blog\/comunicacion-interna-la-era-digital-llego-para-revolucionar-todos-los-procesos\/#primaryimage"},"thumbnailUrl":"","keywords":["blog","comunicaci\u00f3n interna","era digital","mandomedio peru","procesos","revolucionar"],"articleSection":["blog","Noticias"],"inLanguage":"en-US"},{"@type":"WebPage","@id":"https:\/\/mandomedio.com\/peru\/blog\/comunicacion-interna-la-era-digital-llego-para-revolucionar-todos-los-procesos\/","url":"https:\/\/mandomedio.com\/peru\/blog\/comunicacion-interna-la-era-digital-llego-para-revolucionar-todos-los-procesos\/","name":"La era digital lleg\u00f3 para revolucionar procesos | Mandomedio Per\u00fa","isPartOf":{"@id":"https:\/\/mandomedio.com\/peru\/#website"},"primaryImageOfPage":{"@id":"https:\/\/mandomedio.com\/peru\/blog\/comunicacion-interna-la-era-digital-llego-para-revolucionar-todos-los-procesos\/#primaryimage"},"image":{"@id":"https:\/\/mandomedio.com\/peru\/blog\/comunicacion-interna-la-era-digital-llego-para-revolucionar-todos-los-procesos\/#primaryimage"},"thumbnailUrl":"","datePublished":"2019-07-18T19:55:14+00:00","author":{"@id":"https:\/\/mandomedio.com\/peru\/#\/schema\/person\/689c95c0f55de372d8310543497e27c9"},"description":"La era digital ha revolucionado todos los procesos de una empresa, desde la producci\u00f3n, difusi\u00f3n y comercializaci\u00f3n, entre otros. \u00a1Conoce m\u00e1s aqu\u00ed!","breadcrumb":{"@id":"https:\/\/mandomedio.com\/peru\/blog\/comunicacion-interna-la-era-digital-llego-para-revolucionar-todos-los-procesos\/#breadcrumb"},"inLanguage":"en-US","potentialAction":[{"@type":"ReadAction","target":["https:\/\/mandomedio.com\/peru\/blog\/comunicacion-interna-la-era-digital-llego-para-revolucionar-todos-los-procesos\/"]}]},{"@type":"ImageObject","inLanguage":"en-US","@id":"https:\/\/mandomedio.com\/peru\/blog\/comunicacion-interna-la-era-digital-llego-para-revolucionar-todos-los-procesos\/#primaryimage","url":"","contentUrl":""},{"@type":"BreadcrumbList","@id":"https:\/\/mandomedio.com\/peru\/blog\/comunicacion-interna-la-era-digital-llego-para-revolucionar-todos-los-procesos\/#breadcrumb","itemListElement":[{"@type":"ListItem","position":1,"name":"Home","item":"https:\/\/mandomedio.com\/peru\/"},{"@type":"ListItem","position":2,"name":"Retos y tendencias en la Comunicaci\u00f3n Interna. La era digital lleg\u00f3 para revolucionar todos los procesos."}]},{"@type":"WebSite","@id":"https:\/\/mandomedio.com\/peru\/#website","url":"https:\/\/mandomedio.com\/peru\/","name":"Mandomedio.com","description":"","potentialAction":[{"@type":"SearchAction","target":{"@type":"EntryPoint","urlTemplate":"https:\/\/mandomedio.com\/peru\/?s={search_term_string}"},"query-input":{"@type":"PropertyValueSpecification","valueRequired":true,"valueName":"search_term_string"}}],"inLanguage":"en-US"},{"@type":"Person","@id":"https:\/\/mandomedio.com\/peru\/#\/schema\/person\/689c95c0f55de372d8310543497e27c9","name":"comunicaciones@mandomedio.com","sameAs":["https:\/\/new.mandomedio.com"],"url":"https:\/\/mandomedio.com\/peru\/blog\/author\/comunicacionesmandomedio-com\/"}]}},"_links":{"self":[{"href":"https:\/\/mandomedio.com\/peru\/wp-json\/wp\/v2\/posts\/2924","targetHints":{"allow":["GET"]}}],"collection":[{"href":"https:\/\/mandomedio.com\/peru\/wp-json\/wp\/v2\/posts"}],"about":[{"href":"https:\/\/mandomedio.com\/peru\/wp-json\/wp\/v2\/types\/post"}],"author":[{"embeddable":true,"href":"https:\/\/mandomedio.com\/peru\/wp-json\/wp\/v2\/users\/1"}],"replies":[{"embeddable":true,"href":"https:\/\/mandomedio.com\/peru\/wp-json\/wp\/v2\/comments?post=2924"}],"version-history":[{"count":0,"href":"https:\/\/mandomedio.com\/peru\/wp-json\/wp\/v2\/posts\/2924\/revisions"}],"wp:featuredmedia":[{"embeddable":true,"href":"https:\/\/mandomedio.com\/peru\/wp-json\/"}],"wp:attachment":[{"href":"https:\/\/mandomedio.com\/peru\/wp-json\/wp\/v2\/media?parent=2924"}],"wp:term":[{"taxonomy":"category","embeddable":true,"href":"https:\/\/mandomedio.com\/peru\/wp-json\/wp\/v2\/categories?post=2924"},{"taxonomy":"post_tag","embeddable":true,"href":"https:\/\/mandomedio.com\/peru\/wp-json\/wp\/v2\/tags?post=2924"}],"curies":[{"name":"wp","href":"https:\/\/api.w.org\/{rel}","templated":true}]}}