{"id":22703,"date":"2025-02-06T19:32:34","date_gmt":"2025-02-06T19:32:34","guid":{"rendered":"https:\/\/mandomedio.com\/peru\/?p=22703"},"modified":"2025-02-06T19:35:58","modified_gmt":"2025-02-06T19:35:58","slug":"asesoria-en-empleabilidad-potencia-tu-carrera-profesional","status":"publish","type":"post","link":"https:\/\/mandomedio.com\/peru\/blog\/asesoria-en-empleabilidad-potencia-tu-carrera-profesional\/","title":{"rendered":"Asesor\u00eda en empleabilidad: Potencia tu carrera profesional\u00a0"},"content":{"rendered":"\t\t<div data-elementor-type=\"wp-post\" data-elementor-id=\"22703\" class=\"elementor elementor-22703\" data-elementor-post-type=\"post\">\n\t\t\t\t<div class=\"elementor-element elementor-element-7a90a27 e-flex e-con-boxed e-con e-parent\" data-id=\"7a90a27\" data-element_type=\"container\" data-e-type=\"container\">\n\t\t\t\t\t<div class=\"e-con-inner\">\n\t\t\t\t<div class=\"elementor-element elementor-element-2247f19 elementor-widget elementor-widget-text-editor\" data-id=\"2247f19\" data-element_type=\"widget\" data-e-type=\"widget\" data-widget_type=\"text-editor.default\">\n\t\t\t\t<div class=\"elementor-widget-container\">\n\t\t\t\t\t\t\t\t\t<p><span data-contrast=\"auto\">Dar el salto en el mundo laboral puede ser la mejor acci\u00f3n para llevar tu carrera profesional a nuevos horizontes. Ya sea que est\u00e9s buscando empleo o quieras cambiarte a un nuevo trabajo, el servicio de <\/span><b><span data-contrast=\"auto\">asesor\u00eda en empleabilidad<\/span><\/b><span data-contrast=\"auto\"> ser\u00e1 tu mejor aliado.<\/span><span data-ccp-props=\"{}\">\u00a0<\/span><\/p><p><span data-contrast=\"auto\">\u00a0La <\/span><b><span data-contrast=\"auto\">empleabilidad<\/span><\/b><span data-contrast=\"auto\"> se define como la capacidad de un individuo para conseguir, mantener y progresar en un trabajo en el tiempo. No basta con encontrar una posici\u00f3n, ya que el mercado laboral se actualiza constantemente, por lo que se debe mejorar constantemente.<\/span><span data-ccp-props=\"{}\">\u00a0<\/span><\/p><p><span data-contrast=\"auto\">Para alistarte en el mundo laboral, debes poner atenci\u00f3n a los siguientes factores que te har\u00e1n destacar:<\/span><span data-ccp-props=\"{}\">\u00a0<br \/><br \/><\/span><\/p><ul><li data-leveltext=\"\uf0b7\" data-font=\"Symbol\" data-listid=\"1\" data-list-defn-props=\"{&quot;335552541&quot;:1,&quot;335559685&quot;:720,&quot;335559991&quot;:360,&quot;469769226&quot;:&quot;Symbol&quot;,&quot;469769242&quot;:[8226],&quot;469777803&quot;:&quot;left&quot;,&quot;469777804&quot;:&quot;\uf0b7&quot;,&quot;469777815&quot;:&quot;hybridMultilevel&quot;}\" aria-setsize=\"-1\" data-aria-posinset=\"1\" data-aria-level=\"1\"><b><span data-contrast=\"auto\">Formaci\u00f3n acad\u00e9mica: <\/span><\/b><span data-contrast=\"auto\">Tus estudios y certificaciones.<\/span><span data-ccp-props=\"{}\">\u00a0<br \/><br \/><\/span><\/li><\/ul><ul><li data-leveltext=\"\uf0b7\" data-font=\"Symbol\" data-listid=\"1\" data-list-defn-props=\"{&quot;335552541&quot;:1,&quot;335559685&quot;:720,&quot;335559991&quot;:360,&quot;469769226&quot;:&quot;Symbol&quot;,&quot;469769242&quot;:[8226],&quot;469777803&quot;:&quot;left&quot;,&quot;469777804&quot;:&quot;\uf0b7&quot;,&quot;469777815&quot;:&quot;hybridMultilevel&quot;}\" aria-setsize=\"-1\" data-aria-posinset=\"2\" data-aria-level=\"1\"><b><span data-contrast=\"auto\">Experiencia laboral: <\/span><\/b><span data-contrast=\"auto\">Tus trabajos a lo largo del tiempo y las actividades que realizaste en cada posici\u00f3n. <\/span><span data-ccp-props=\"{}\">\u00a0<br \/><br \/><\/span><\/li><\/ul><ul><li data-leveltext=\"\uf0b7\" data-font=\"Symbol\" data-listid=\"1\" data-list-defn-props=\"{&quot;335552541&quot;:1,&quot;335559685&quot;:720,&quot;335559991&quot;:360,&quot;469769226&quot;:&quot;Symbol&quot;,&quot;469769242&quot;:[8226],&quot;469777803&quot;:&quot;left&quot;,&quot;469777804&quot;:&quot;\uf0b7&quot;,&quot;469777815&quot;:&quot;hybridMultilevel&quot;}\" aria-setsize=\"-1\" data-aria-posinset=\"3\" data-aria-level=\"1\"><b><span data-contrast=\"auto\">Habilidades blandas<\/span><\/b><span data-contrast=\"auto\">: Las empresas valoran capacidades como la comunicaci\u00f3n y el liderazgo.<\/span><span data-ccp-props=\"{}\">\u00a0<br \/><br \/><\/span><\/li><\/ul><ul><li data-leveltext=\"\uf0b7\" data-font=\"Symbol\" data-listid=\"1\" data-list-defn-props=\"{&quot;335552541&quot;:1,&quot;335559685&quot;:720,&quot;335559991&quot;:360,&quot;469769226&quot;:&quot;Symbol&quot;,&quot;469769242&quot;:[8226],&quot;469777803&quot;:&quot;left&quot;,&quot;469777804&quot;:&quot;\uf0b7&quot;,&quot;469777815&quot;:&quot;hybridMultilevel&quot;}\" aria-setsize=\"-1\" data-aria-posinset=\"4\" data-aria-level=\"1\"><b><span data-contrast=\"auto\">Red de Contactos: <\/span><\/b><span data-contrast=\"auto\">Conexiones que te permitir\u00e1n accedes a nuevas oportunidades laborales.<\/span><span data-ccp-props=\"{}\">\u00a0<br \/><br \/><\/span><\/li><\/ul><ul><li data-leveltext=\"\uf0b7\" data-font=\"Symbol\" data-listid=\"1\" data-list-defn-props=\"{&quot;335552541&quot;:1,&quot;335559685&quot;:720,&quot;335559991&quot;:360,&quot;469769226&quot;:&quot;Symbol&quot;,&quot;469769242&quot;:[8226],&quot;469777803&quot;:&quot;left&quot;,&quot;469777804&quot;:&quot;\uf0b7&quot;,&quot;469777815&quot;:&quot;hybridMultilevel&quot;}\" aria-setsize=\"-1\" data-aria-posinset=\"5\" data-aria-level=\"1\"><b><span data-contrast=\"auto\">Marca personal: <\/span><\/b><span data-contrast=\"auto\">Un perfil activo en LinkedIn puede abrirte camino en el mundo laboral.\u00a0<\/span><span data-ccp-props=\"{}\">\u00a0<\/span><\/li><\/ul><p>\u00a0<\/p><p><span data-contrast=\"auto\">En <\/span><b><span data-contrast=\"auto\">Mandomedio<\/span><\/b><span data-contrast=\"auto\"> tenemos un servicio pensado para ayudarte en tu b\u00fasqueda profesional.<\/span><span data-ccp-props=\"{}\">\u00a0<\/span><\/p><p><span data-contrast=\"auto\">Contamos con tres programas: <\/span><b><span data-contrast=\"auto\">B\u00e1sico, est\u00e1ndar y experto.<\/span><\/b><span data-contrast=\"auto\">\u00a0<\/span><span data-ccp-props=\"{}\">\u00a0<\/span><\/p><p><span data-contrast=\"auto\">Te entregamos las herramientas necesarias para que logres encontrar empleo en el menor tiempo posible y con las mejores condiciones del mercado<\/span><span data-ccp-props=\"{}\">\u00a0<\/span><\/p><ul><li data-leveltext=\"\uf0b7\" data-font=\"Symbol\" data-listid=\"2\" data-list-defn-props=\"{&quot;335552541&quot;:1,&quot;335559685&quot;:720,&quot;335559991&quot;:360,&quot;469769226&quot;:&quot;Symbol&quot;,&quot;469769242&quot;:[8226],&quot;469777803&quot;:&quot;left&quot;,&quot;469777804&quot;:&quot;\uf0b7&quot;,&quot;469777815&quot;:&quot;hybridMultilevel&quot;}\" aria-setsize=\"-1\" data-aria-posinset=\"1\" data-aria-level=\"1\"><span data-contrast=\"auto\">Contamos con asesor\u00eda personalizada que se adapta a tus necesidades.\u00a0<\/span><span data-ccp-props=\"{}\">\u00a0<br \/><\/span><\/li><\/ul><ul><li data-leveltext=\"\uf0b7\" data-font=\"Symbol\" data-listid=\"2\" data-list-defn-props=\"{&quot;335552541&quot;:1,&quot;335559685&quot;:720,&quot;335559991&quot;:360,&quot;469769226&quot;:&quot;Symbol&quot;,&quot;469769242&quot;:[8226],&quot;469777803&quot;:&quot;left&quot;,&quot;469777804&quot;:&quot;\uf0b7&quot;,&quot;469777815&quot;:&quot;hybridMultilevel&quot;}\" aria-setsize=\"-1\" data-aria-posinset=\"2\" data-aria-level=\"1\"><span data-contrast=\"auto\">Te acompa\u00f1amos y hacemos seguimiento de tu progreso.<\/span><span data-ccp-props=\"{}\">\u00a0<br \/><\/span><\/li><\/ul><ul><li data-leveltext=\"\uf0b7\" data-font=\"Symbol\" data-listid=\"2\" data-list-defn-props=\"{&quot;335552541&quot;:1,&quot;335559685&quot;:720,&quot;335559991&quot;:360,&quot;469769226&quot;:&quot;Symbol&quot;,&quot;469769242&quot;:[8226],&quot;469777803&quot;:&quot;left&quot;,&quot;469777804&quot;:&quot;\uf0b7&quot;,&quot;469777815&quot;:&quot;hybridMultilevel&quot;}\" aria-setsize=\"-1\" data-aria-posinset=\"3\" data-aria-level=\"1\"><span data-contrast=\"auto\">Realizamos Test de Personalidad y Razonamiento con entrega de resultados.\u00a0<\/span><span data-ccp-props=\"{}\">\u00a0<\/span><\/li><\/ul><ul><li data-leveltext=\"\uf0b7\" data-font=\"Symbol\" data-listid=\"2\" data-list-defn-props=\"{&quot;335552541&quot;:1,&quot;335559685&quot;:720,&quot;335559991&quot;:360,&quot;469769226&quot;:&quot;Symbol&quot;,&quot;469769242&quot;:[8226],&quot;469777803&quot;:&quot;left&quot;,&quot;469777804&quot;:&quot;\uf0b7&quot;,&quot;469777815&quot;:&quot;hybridMultilevel&quot;}\" aria-setsize=\"-1\" data-aria-posinset=\"4\" data-aria-level=\"1\"><span data-contrast=\"auto\">Te apoyamos con oportunidades de visibilidad con empresas target.<\/span><span data-ccp-props=\"{}\">\u00a0<\/span><\/li><\/ul><ul><li data-leveltext=\"\uf0b7\" data-font=\"Symbol\" data-listid=\"2\" data-list-defn-props=\"{&quot;335552541&quot;:1,&quot;335559685&quot;:720,&quot;335559991&quot;:360,&quot;469769226&quot;:&quot;Symbol&quot;,&quot;469769242&quot;:[8226],&quot;469777803&quot;:&quot;left&quot;,&quot;469777804&quot;:&quot;\uf0b7&quot;,&quot;469777815&quot;:&quot;hybridMultilevel&quot;}\" aria-setsize=\"-1\" data-aria-posinset=\"5\" data-aria-level=\"1\"><span data-contrast=\"auto\">Te ayudamos a elaborar\/mejorar tu curr\u00edculum.<\/span><span data-ccp-props=\"{}\">\u00a0<\/span><\/li><\/ul><ul><li data-leveltext=\"\uf0b7\" data-font=\"Symbol\" data-listid=\"2\" data-list-defn-props=\"{&quot;335552541&quot;:1,&quot;335559685&quot;:720,&quot;335559991&quot;:360,&quot;469769226&quot;:&quot;Symbol&quot;,&quot;469769242&quot;:[8226],&quot;469777803&quot;:&quot;left&quot;,&quot;469777804&quot;:&quot;\uf0b7&quot;,&quot;469777815&quot;:&quot;hybridMultilevel&quot;}\" aria-setsize=\"-1\" data-aria-posinset=\"6\" data-aria-level=\"1\"><span data-contrast=\"auto\">Te ense\u00f1amos a c\u00f3mo manejarte en entrevistas de trabajo.<\/span><span data-ccp-props=\"{}\">\u00a0<\/span><\/li><\/ul><p><span data-ccp-props=\"{&quot;335559685&quot;:720}\">\u00a0<\/span><\/p><p><span data-contrast=\"auto\">Si est\u00e1s interesado en contratar nuestros servicios, cont\u00e1ctanos <\/span><span style=\"color: #ff6600;\"><strong><a style=\"color: #ff6600;\" href=\"https:\/\/mandomedio.com\/peru\/asesoria-en-empleabilidad\/#planes\">aqu\u00ed.<\/a>\u00a0<\/strong><\/span><\/p>\t\t\t\t\t\t\t\t<\/div>\n\t\t\t\t<\/div>\n\t\t\t\t\t<\/div>\n\t\t\t\t<\/div>\n\t\t\t\t<\/div>\n\t\t","protected":false},"excerpt":{"rendered":"<p>Dar el salto en el mundo laboral puede ser la mejor acci\u00f3n para llevar tu carrera profesional a nuevos horizontes. Ya sea que est\u00e9s buscando empleo o quieras cambiarte a un nuevo trabajo, el servicio de asesor\u00eda en empleabilidad ser\u00e1 tu mejor aliado.\u00a0 \u00a0La empleabilidad se define como la capacidad de un individuo para conseguir, [&hellip;]<\/p>\n","protected":false},"author":1,"featured_media":22704,"comment_status":"closed","ping_status":"closed","sticky":false,"template":"","format":"standard","meta":{"footnotes":""},"categories":[1],"tags":[],"class_list":["post-22703","post","type-post","status-publish","format-standard","has-post-thumbnail","hentry","category-uncategorized"],"yoast_head":"<!-- This site is optimized with the Yoast SEO plugin v26.9 - https:\/\/yoast.com\/product\/yoast-seo-wordpress\/ -->\n<title>Asesor\u00eda en empleabilidad: Potencia tu carrera profesional\u00a0 - Mandomedio.com<\/title>\n<meta name=\"robots\" content=\"index, follow, max-snippet:-1, max-image-preview:large, max-video-preview:-1\" \/>\n<link rel=\"canonical\" href=\"https:\/\/mandomedio.com\/peru\/blog\/asesoria-en-empleabilidad-potencia-tu-carrera-profesional\/\" \/>\n<meta property=\"og:locale\" content=\"en_US\" \/>\n<meta property=\"og:type\" content=\"article\" \/>\n<meta property=\"og:title\" content=\"Asesor\u00eda en empleabilidad: Potencia tu carrera profesional\u00a0 - Mandomedio.com\" \/>\n<meta property=\"og:description\" content=\"Dar el salto en el mundo laboral puede ser la mejor acci\u00f3n para llevar tu carrera profesional a nuevos horizontes. Ya sea que est\u00e9s buscando empleo o quieras cambiarte a un nuevo trabajo, el servicio de asesor\u00eda en empleabilidad ser\u00e1 tu mejor aliado.\u00a0 \u00a0La empleabilidad se define como la capacidad de un individuo para conseguir, [&hellip;]\" \/>\n<meta property=\"og:url\" content=\"https:\/\/mandomedio.com\/peru\/blog\/asesoria-en-empleabilidad-potencia-tu-carrera-profesional\/\" \/>\n<meta property=\"og:site_name\" content=\"Mandomedio.com\" \/>\n<meta property=\"article:published_time\" content=\"2025-02-06T19:32:34+00:00\" \/>\n<meta property=\"article:modified_time\" content=\"2025-02-06T19:35:58+00:00\" \/>\n<meta property=\"og:image\" content=\"https:\/\/mandomedio.com\/peru\/wp-content\/uploads\/2025\/02\/colleagues-giving-high-five-celebrating-good-teamwork-result-top-closeup-view-copy.webp\" \/>\n\t<meta property=\"og:image:width\" content=\"800\" \/>\n\t<meta property=\"og:image:height\" content=\"533\" \/>\n\t<meta property=\"og:image:type\" content=\"image\/webp\" \/>\n<meta name=\"author\" content=\"comunicaciones@mandomedio.com\" \/>\n<meta name=\"twitter:card\" content=\"summary_large_image\" \/>\n<meta name=\"twitter:label1\" content=\"Written by\" \/>\n\t<meta name=\"twitter:data1\" content=\"comunicaciones@mandomedio.com\" \/>\n\t<meta name=\"twitter:label2\" content=\"Est. reading time\" \/>\n\t<meta name=\"twitter:data2\" content=\"2 minutes\" \/>\n<script type=\"application\/ld+json\" class=\"yoast-schema-graph\">{\"@context\":\"https:\/\/schema.org\",\"@graph\":[{\"@type\":\"Article\",\"@id\":\"https:\/\/mandomedio.com\/peru\/blog\/asesoria-en-empleabilidad-potencia-tu-carrera-profesional\/#article\",\"isPartOf\":{\"@id\":\"https:\/\/mandomedio.com\/peru\/blog\/asesoria-en-empleabilidad-potencia-tu-carrera-profesional\/\"},\"author\":{\"name\":\"comunicaciones@mandomedio.com\",\"@id\":\"https:\/\/mandomedio.com\/peru\/#\/schema\/person\/689c95c0f55de372d8310543497e27c9\"},\"headline\":\"Asesor\u00eda en empleabilidad: Potencia tu carrera profesional\u00a0\",\"datePublished\":\"2025-02-06T19:32:34+00:00\",\"dateModified\":\"2025-02-06T19:35:58+00:00\",\"mainEntityOfPage\":{\"@id\":\"https:\/\/mandomedio.com\/peru\/blog\/asesoria-en-empleabilidad-potencia-tu-carrera-profesional\/\"},\"wordCount\":296,\"image\":{\"@id\":\"https:\/\/mandomedio.com\/peru\/blog\/asesoria-en-empleabilidad-potencia-tu-carrera-profesional\/#primaryimage\"},\"thumbnailUrl\":\"https:\/\/mandomedio.com\/peru\/wp-content\/uploads\/2025\/02\/colleagues-giving-high-five-celebrating-good-teamwork-result-top-closeup-view-copy.webp\",\"inLanguage\":\"en-US\"},{\"@type\":\"WebPage\",\"@id\":\"https:\/\/mandomedio.com\/peru\/blog\/asesoria-en-empleabilidad-potencia-tu-carrera-profesional\/\",\"url\":\"https:\/\/mandomedio.com\/peru\/blog\/asesoria-en-empleabilidad-potencia-tu-carrera-profesional\/\",\"name\":\"Asesor\u00eda en empleabilidad: Potencia tu carrera profesional\u00a0 - Mandomedio.com\",\"isPartOf\":{\"@id\":\"https:\/\/mandomedio.com\/peru\/#website\"},\"primaryImageOfPage\":{\"@id\":\"https:\/\/mandomedio.com\/peru\/blog\/asesoria-en-empleabilidad-potencia-tu-carrera-profesional\/#primaryimage\"},\"image\":{\"@id\":\"https:\/\/mandomedio.com\/peru\/blog\/asesoria-en-empleabilidad-potencia-tu-carrera-profesional\/#primaryimage\"},\"thumbnailUrl\":\"https:\/\/mandomedio.com\/peru\/wp-content\/uploads\/2025\/02\/colleagues-giving-high-five-celebrating-good-teamwork-result-top-closeup-view-copy.webp\",\"datePublished\":\"2025-02-06T19:32:34+00:00\",\"dateModified\":\"2025-02-06T19:35:58+00:00\",\"author\":{\"@id\":\"https:\/\/mandomedio.com\/peru\/#\/schema\/person\/689c95c0f55de372d8310543497e27c9\"},\"breadcrumb\":{\"@id\":\"https:\/\/mandomedio.com\/peru\/blog\/asesoria-en-empleabilidad-potencia-tu-carrera-profesional\/#breadcrumb\"},\"inLanguage\":\"en-US\",\"potentialAction\":[{\"@type\":\"ReadAction\",\"target\":[\"https:\/\/mandomedio.com\/peru\/blog\/asesoria-en-empleabilidad-potencia-tu-carrera-profesional\/\"]}]},{\"@type\":\"ImageObject\",\"inLanguage\":\"en-US\",\"@id\":\"https:\/\/mandomedio.com\/peru\/blog\/asesoria-en-empleabilidad-potencia-tu-carrera-profesional\/#primaryimage\",\"url\":\"https:\/\/mandomedio.com\/peru\/wp-content\/uploads\/2025\/02\/colleagues-giving-high-five-celebrating-good-teamwork-result-top-closeup-view-copy.webp\",\"contentUrl\":\"https:\/\/mandomedio.com\/peru\/wp-content\/uploads\/2025\/02\/colleagues-giving-high-five-celebrating-good-teamwork-result-top-closeup-view-copy.webp\",\"width\":800,\"height\":533},{\"@type\":\"BreadcrumbList\",\"@id\":\"https:\/\/mandomedio.com\/peru\/blog\/asesoria-en-empleabilidad-potencia-tu-carrera-profesional\/#breadcrumb\",\"itemListElement\":[{\"@type\":\"ListItem\",\"position\":1,\"name\":\"Home\",\"item\":\"https:\/\/mandomedio.com\/peru\/\"},{\"@type\":\"ListItem\",\"position\":2,\"name\":\"Asesor\u00eda en empleabilidad: Potencia tu carrera profesional\u00a0\"}]},{\"@type\":\"WebSite\",\"@id\":\"https:\/\/mandomedio.com\/peru\/#website\",\"url\":\"https:\/\/mandomedio.com\/peru\/\",\"name\":\"Mandomedio.com\",\"description\":\"\",\"potentialAction\":[{\"@type\":\"SearchAction\",\"target\":{\"@type\":\"EntryPoint\",\"urlTemplate\":\"https:\/\/mandomedio.com\/peru\/?s={search_term_string}\"},\"query-input\":{\"@type\":\"PropertyValueSpecification\",\"valueRequired\":true,\"valueName\":\"search_term_string\"}}],\"inLanguage\":\"en-US\"},{\"@type\":\"Person\",\"@id\":\"https:\/\/mandomedio.com\/peru\/#\/schema\/person\/689c95c0f55de372d8310543497e27c9\",\"name\":\"comunicaciones@mandomedio.com\",\"sameAs\":[\"https:\/\/new.mandomedio.com\"],\"url\":\"https:\/\/mandomedio.com\/peru\/blog\/author\/comunicacionesmandomedio-com\/\"}]}<\/script>\n<!-- \/ Yoast SEO plugin. -->","yoast_head_json":{"title":"Asesor\u00eda en empleabilidad: Potencia tu carrera profesional\u00a0 - Mandomedio.com","robots":{"index":"index","follow":"follow","max-snippet":"max-snippet:-1","max-image-preview":"max-image-preview:large","max-video-preview":"max-video-preview:-1"},"canonical":"https:\/\/mandomedio.com\/peru\/blog\/asesoria-en-empleabilidad-potencia-tu-carrera-profesional\/","og_locale":"en_US","og_type":"article","og_title":"Asesor\u00eda en empleabilidad: Potencia tu carrera profesional\u00a0 - Mandomedio.com","og_description":"Dar el salto en el mundo laboral puede ser la mejor acci\u00f3n para llevar tu carrera profesional a nuevos horizontes. Ya sea que est\u00e9s buscando empleo o quieras cambiarte a un nuevo trabajo, el servicio de asesor\u00eda en empleabilidad ser\u00e1 tu mejor aliado.\u00a0 \u00a0La empleabilidad se define como la capacidad de un individuo para conseguir, [&hellip;]","og_url":"https:\/\/mandomedio.com\/peru\/blog\/asesoria-en-empleabilidad-potencia-tu-carrera-profesional\/","og_site_name":"Mandomedio.com","article_published_time":"2025-02-06T19:32:34+00:00","article_modified_time":"2025-02-06T19:35:58+00:00","og_image":[{"width":800,"height":533,"url":"https:\/\/mandomedio.com\/peru\/wp-content\/uploads\/2025\/02\/colleagues-giving-high-five-celebrating-good-teamwork-result-top-closeup-view-copy.webp","type":"image\/webp"}],"author":"comunicaciones@mandomedio.com","twitter_card":"summary_large_image","twitter_misc":{"Written by":"comunicaciones@mandomedio.com","Est. reading time":"2 minutes"},"schema":{"@context":"https:\/\/schema.org","@graph":[{"@type":"Article","@id":"https:\/\/mandomedio.com\/peru\/blog\/asesoria-en-empleabilidad-potencia-tu-carrera-profesional\/#article","isPartOf":{"@id":"https:\/\/mandomedio.com\/peru\/blog\/asesoria-en-empleabilidad-potencia-tu-carrera-profesional\/"},"author":{"name":"comunicaciones@mandomedio.com","@id":"https:\/\/mandomedio.com\/peru\/#\/schema\/person\/689c95c0f55de372d8310543497e27c9"},"headline":"Asesor\u00eda en empleabilidad: Potencia tu carrera profesional\u00a0","datePublished":"2025-02-06T19:32:34+00:00","dateModified":"2025-02-06T19:35:58+00:00","mainEntityOfPage":{"@id":"https:\/\/mandomedio.com\/peru\/blog\/asesoria-en-empleabilidad-potencia-tu-carrera-profesional\/"},"wordCount":296,"image":{"@id":"https:\/\/mandomedio.com\/peru\/blog\/asesoria-en-empleabilidad-potencia-tu-carrera-profesional\/#primaryimage"},"thumbnailUrl":"https:\/\/mandomedio.com\/peru\/wp-content\/uploads\/2025\/02\/colleagues-giving-high-five-celebrating-good-teamwork-result-top-closeup-view-copy.webp","inLanguage":"en-US"},{"@type":"WebPage","@id":"https:\/\/mandomedio.com\/peru\/blog\/asesoria-en-empleabilidad-potencia-tu-carrera-profesional\/","url":"https:\/\/mandomedio.com\/peru\/blog\/asesoria-en-empleabilidad-potencia-tu-carrera-profesional\/","name":"Asesor\u00eda en empleabilidad: Potencia tu carrera profesional\u00a0 - Mandomedio.com","isPartOf":{"@id":"https:\/\/mandomedio.com\/peru\/#website"},"primaryImageOfPage":{"@id":"https:\/\/mandomedio.com\/peru\/blog\/asesoria-en-empleabilidad-potencia-tu-carrera-profesional\/#primaryimage"},"image":{"@id":"https:\/\/mandomedio.com\/peru\/blog\/asesoria-en-empleabilidad-potencia-tu-carrera-profesional\/#primaryimage"},"thumbnailUrl":"https:\/\/mandomedio.com\/peru\/wp-content\/uploads\/2025\/02\/colleagues-giving-high-five-celebrating-good-teamwork-result-top-closeup-view-copy.webp","datePublished":"2025-02-06T19:32:34+00:00","dateModified":"2025-02-06T19:35:58+00:00","author":{"@id":"https:\/\/mandomedio.com\/peru\/#\/schema\/person\/689c95c0f55de372d8310543497e27c9"},"breadcrumb":{"@id":"https:\/\/mandomedio.com\/peru\/blog\/asesoria-en-empleabilidad-potencia-tu-carrera-profesional\/#breadcrumb"},"inLanguage":"en-US","potentialAction":[{"@type":"ReadAction","target":["https:\/\/mandomedio.com\/peru\/blog\/asesoria-en-empleabilidad-potencia-tu-carrera-profesional\/"]}]},{"@type":"ImageObject","inLanguage":"en-US","@id":"https:\/\/mandomedio.com\/peru\/blog\/asesoria-en-empleabilidad-potencia-tu-carrera-profesional\/#primaryimage","url":"https:\/\/mandomedio.com\/peru\/wp-content\/uploads\/2025\/02\/colleagues-giving-high-five-celebrating-good-teamwork-result-top-closeup-view-copy.webp","contentUrl":"https:\/\/mandomedio.com\/peru\/wp-content\/uploads\/2025\/02\/colleagues-giving-high-five-celebrating-good-teamwork-result-top-closeup-view-copy.webp","width":800,"height":533},{"@type":"BreadcrumbList","@id":"https:\/\/mandomedio.com\/peru\/blog\/asesoria-en-empleabilidad-potencia-tu-carrera-profesional\/#breadcrumb","itemListElement":[{"@type":"ListItem","position":1,"name":"Home","item":"https:\/\/mandomedio.com\/peru\/"},{"@type":"ListItem","position":2,"name":"Asesor\u00eda en empleabilidad: Potencia tu carrera profesional\u00a0"}]},{"@type":"WebSite","@id":"https:\/\/mandomedio.com\/peru\/#website","url":"https:\/\/mandomedio.com\/peru\/","name":"Mandomedio.com","description":"","potentialAction":[{"@type":"SearchAction","target":{"@type":"EntryPoint","urlTemplate":"https:\/\/mandomedio.com\/peru\/?s={search_term_string}"},"query-input":{"@type":"PropertyValueSpecification","valueRequired":true,"valueName":"search_term_string"}}],"inLanguage":"en-US"},{"@type":"Person","@id":"https:\/\/mandomedio.com\/peru\/#\/schema\/person\/689c95c0f55de372d8310543497e27c9","name":"comunicaciones@mandomedio.com","sameAs":["https:\/\/new.mandomedio.com"],"url":"https:\/\/mandomedio.com\/peru\/blog\/author\/comunicacionesmandomedio-com\/"}]}},"_links":{"self":[{"href":"https:\/\/mandomedio.com\/peru\/wp-json\/wp\/v2\/posts\/22703","targetHints":{"allow":["GET"]}}],"collection":[{"href":"https:\/\/mandomedio.com\/peru\/wp-json\/wp\/v2\/posts"}],"about":[{"href":"https:\/\/mandomedio.com\/peru\/wp-json\/wp\/v2\/types\/post"}],"author":[{"embeddable":true,"href":"https:\/\/mandomedio.com\/peru\/wp-json\/wp\/v2\/users\/1"}],"replies":[{"embeddable":true,"href":"https:\/\/mandomedio.com\/peru\/wp-json\/wp\/v2\/comments?post=22703"}],"version-history":[{"count":5,"href":"https:\/\/mandomedio.com\/peru\/wp-json\/wp\/v2\/posts\/22703\/revisions"}],"predecessor-version":[{"id":22712,"href":"https:\/\/mandomedio.com\/peru\/wp-json\/wp\/v2\/posts\/22703\/revisions\/22712"}],"wp:featuredmedia":[{"embeddable":true,"href":"https:\/\/mandomedio.com\/peru\/wp-json\/wp\/v2\/media\/22704"}],"wp:attachment":[{"href":"https:\/\/mandomedio.com\/peru\/wp-json\/wp\/v2\/media?parent=22703"}],"wp:term":[{"taxonomy":"category","embeddable":true,"href":"https:\/\/mandomedio.com\/peru\/wp-json\/wp\/v2\/categories?post=22703"},{"taxonomy":"post_tag","embeddable":true,"href":"https:\/\/mandomedio.com\/peru\/wp-json\/wp\/v2\/tags?post=22703"}],"curies":[{"name":"wp","href":"https:\/\/api.w.org\/{rel}","templated":true}]}}