{"id":8864,"date":"2023-03-08T15:25:35","date_gmt":"2023-03-08T15:25:35","guid":{"rendered":"https:\/\/new.mandomedio.com\/colombia\/?p=8864"},"modified":"2023-03-08T15:25:35","modified_gmt":"2023-03-08T15:25:35","slug":"mujeres-en-cargos-directivos-y-de-liderazgo","status":"publish","type":"post","link":"https:\/\/mandomedio.com\/colombia\/blog\/mujeres-en-cargos-directivos-y-de-liderazgo\/","title":{"rendered":"Mujeres en cargos directivos y de liderazgo: \u00bfCu\u00e1l es el panorama en Latinoam\u00e9rica?"},"content":{"rendered":"\n<p>Hoy <strong>8 de marzo<\/strong> no es un d\u00eda cualquiera, hoy es el <strong>D\u00eda Internacional de la Mujer.<\/strong><\/p>\n\n\n\n<p>Esta fecha importante concentra gran cantidad de temas en distintos aspectos, sin embargo, todos tienen algo en com\u00fan:&nbsp; la lucha por una sociedad con<strong> igualdad de oportunidades<\/strong>.<\/p>\n\n\n\n<p>Desde Mandomedio conmemoramos esta lucha y realizamos un an\u00e1lisis desde la perspectiva de recursos humanos acerca de los cargos directivos y de liderazgo ocupados por mujeres.<\/p>\n\n\n\n<h2 class=\"wp-block-heading\">Origen y datos sobre el 8 de marzo<\/h2>\n\n\n\n<p>Esta fecha encuentra sus or\u00edgenes en manifestaciones feministas de mujeres que reclamaban desde el siglo XX mejores condiciones de trabajo, derecho al voto e igualdad.<\/p>\n\n\n\n<p>Asimismo, la fecha del <a href=\"https:\/\/new.mandomedio.com\/colombia\/peru\/blog\/dia-internacional-de-la-mujer-equidad-de-genero\/\" target=\"_blank\" rel=\"noreferrer noopener\">8 de marzo<\/a> est\u00e1 vinculada directamente a movimientos de mujeres durante la Revoluci\u00f3n Rusa de 1917. Por su parte, la ONU empez\u00f3 a conmemorar este d\u00eda en 1975 oficializando la fecha que hasta el d\u00eda de hoy genera espacios de an\u00e1lisis y debate en b\u00fasqueda de igualdad.<\/p>\n\n\n\n<p>Seg\u00fan cifras de esta entidad, el <strong>60% <\/strong>de mujeres alrededor del mundo trabajan en econom\u00edas informales, ganan menos y tienen un mayor riesgo de caer en la pobreza.<\/p>\n\n\n\n<p>Adem\u00e1s, la ONU&nbsp; indica que las mujeres perciben un 23% menos que los hombres a nivel mundial e incluso en representaci\u00f3n pol\u00edtica ocupan menos del 25% de esca\u00f1os parlamentarios. A estas cifras, se suman las estad\u00edsticas de violencia en contra de ni\u00f1as y mujeres en distintas partes del mundo.<\/p>\n\n\n\n<h2 class=\"wp-block-heading\">Liderazgo femenino en Latinoam\u00e9rica<\/h2>\n\n\n\n<p>Seg\u00fan un <a href=\"https:\/\/www.iadb.org\/es\/noticias\/estudio-revela-alta-desigualdad-de-genero-en-empresas-de-america-latina-y-el-caribe\" target=\"_blank\" rel=\"noreferrer noopener\">estudio<\/a> del Banco Interamericano de Desarrollo en 2020, las mujeres solo ocupan un 25% de los puestos directivos en Am\u00e9rica Latina y el &nbsp;Caribe, mientras que solo el 17% de las empresas de la regi\u00f3n tienen una mujer como CEO.<\/p>\n\n\n\n<p>&nbsp;\u00bfA qu\u00e9 se deben estos bajos porcentajes? El an\u00e1lisis es amplio. Desde estereotipos de g\u00e9nero hasta la falta de pol\u00edticas de igualdad de g\u00e9nero en las empresas o el poco acceso a oportunidades de formaci\u00f3n y capacitaci\u00f3n. Tambi\u00e9n est\u00e1n las barreras estructurales, como la educaci\u00f3n y la sociedad que finalmente generan desigualdad.<\/p>\n\n\n\n<p>Sin embargo, en los \u00faltimos a\u00f1os el mundo sigue avanzando y cambiando y &nbsp;cada vez m\u00e1s mujeres empiezan a ocupar cargos de liderazgo es distintos escenarios. Lo mismo pasa en el mundo laboral, en donde la <strong>participaci\u00f3n de la mujer<\/strong> se ha convertido en un tema relevante y que hace mirar al futuro con <strong>optimismo<\/strong>.<\/p>\n\n\n\n<p>Algunos datos significativos que demuestran logros obtenidos sobre este aspecto son los siguientes:<\/p>\n\n\n\n<ul class=\"wp-block-list\">\n<li>Mayor acceso a trabajos antes considerados <strong>\u201csolo para hombres\u201d<\/strong> por ejemplo en sectores como ingenier\u00eda, construcci\u00f3n y tecnolog\u00eda.<\/li>\n\n\n\n<li><strong>M\u00e1s representaci\u00f3n<\/strong> de mujeres en cargos de liderazgo demostrando su capacidad para llevar adelante una empresa y tomar decisiones.<\/li>\n\n\n\n<li>Lucha por la<strong> igualdad salarial<\/strong>: Si bien a\u00fan existe una brecha salarial, son cada vez m\u00e1s las iniciativas que buscan cerrar esta brecha y garantizar un salario justo.<\/li>\n\n\n\n<li>Conciliaci\u00f3n entre<strong> trabajo y familia<\/strong>: En la actualidad, las empresas prestan m\u00e1s atenci\u00f3n a la necesidad de equilibrar responsabilidades laborales y familiares, desarrollando pol\u00edticas y pr\u00e1cticas para apoyar a las mujeres que son madres y que desean seguir en el mercado laboral.<\/li>\n\n\n\n<li><strong>Mayor presencia<\/strong> de mujeres en las empresas: A lo largo de los \u00faltimos a\u00f1os, el aumento de la escolaridad femenina, educaci\u00f3n superior y necesidad de aportar al ingreso familiar ha permitido que la presencia de la mujer en el \u00e1mbito laboral se incremente de manera significativa.<\/li>\n<\/ul>\n\n\n\n<h2 class=\"wp-block-heading\">Nuestras l\u00edderes en Mandomedio<\/h2>\n\n\n\n<p>Como apreciamos a lo largo de la nota, a\u00fan existen muchos desaf\u00edos para todos los sectores, en especial para el mundo laboral. Sin embargo, tambi\u00e9n hay cifras que motivan y nos permiten ver a los pr\u00f3ximos a\u00f1os con ojos optimistas.<\/p>\n\n\n\n<p>Un claro ejemplo es <a href=\"https:\/\/new.mandomedio.com\/colombia\/\" target=\"_blank\" rel=\"noreferrer noopener\">Mandomedio<\/a>, en donde con mucho orgullo podemos contar que siempre hemos apoyado esa b\u00fasqueda constante de igualdad entre mujeres y hombres. <strong>\u00a1Aqu\u00ed te contamos algunas cifras que nos llenan de alegr\u00eda este 8 de marzo!<\/strong><\/p>\n\n\n\n<ul class=\"wp-block-list\">\n<li>Mandomedio en Per\u00fa: El<strong> 75% de nuestros l\u00edderes <\/strong>son mujeres (3 de 4). Adem\u00e1s, nuestro equipo est\u00e1 compuesto por 77% de mujeres y 23% de hombres.<br><\/li>\n\n\n\n<li>Mandomedio en Colombia: El <strong>90% del equipo<\/strong> est\u00e1 conformado por mujeres. Asimismo, las l\u00edderes de \u00e1rea son mujeres.<br><\/li>\n\n\n\n<li>Mandomedio en Chile: El <strong>70% del equipo<\/strong> est\u00e1 conformado por mujeres.<\/li>\n<\/ul>\n\n\n\n<blockquote class=\"wp-block-quote is-layout-flow wp-block-quote-is-layout-flow\">\n<p><em>\u00abLo importante es que como mujeres podamos aportar en nuestros trabajos una visi\u00f3n diferente y de esa forma enriquecer la toma de decisiones y la direcci\u00f3n de los negocios. Debemos ser protagonistas en esta b\u00fasqueda de oportunidades y en seguir avanzando en crear culturas organizacionales que promuevan el liderazgo femenino y reconozcan su impacto positivo en el negocio. Estoy muy agradecida de poder trabajar en una organizaci\u00f3n que siempre ha incorporado la visi\u00f3n femenina en la empresa y que se ha preocupado de la flexibilidad y la importancia de la conciliaci\u00f3n trabajo y familia.\u00bb<\/em> &#8211; <strong>Soledad Mosquera, gerente de Headhunting y Asesor\u00edas Mandomedio en Chile<\/strong><\/p>\n<\/blockquote>\n\n\n\n<blockquote class=\"wp-block-quote is-layout-flow wp-block-quote-is-layout-flow\">\n<p><em>\u00abNuestro protagonismo implica tambi\u00e9n reconocer responsabilidades y decisiones, que impactan directa y profundamente en el crecimiento econ\u00f3mico de nuestro pa\u00eds, de nuestros negocios, y en la evoluci\u00f3n de las personas que nos acompa\u00f1an. Nos enfrentamos al desaf\u00edo de reforzar las habilidades que se requieren para mantener con entusiasmo el equilibrio de nuestro rol laboral &#8211; profesional y nuestro rol como l\u00edderes de nuestro hogar. Estoy agradecida porque la empresa donde trabajo me permite seguir nutri\u00e9ndome en este proceso, y es lo que me mantiene entusiasmada y motivada para seguir mejorando.\u00bb<\/em> &#8211; <strong>\u00c9rika C\u00e9spedes, gerente general Mandomedio en Per\u00fa<\/strong><\/p>\n<\/blockquote>\n\n\n\n<blockquote class=\"wp-block-quote is-layout-flow wp-block-quote-is-layout-flow\">\n<p><em>\u00abNos sentimos muy orgullosas de hacer parte de este tipo de empresas que empodera y resalta el rol de la mujer como pieza clave para el negocio, es fant\u00e1stico reconocer la diversidad de mujeres que trabajamos en Colombia, el apoyo que nos brindamos profesional, personalmente y la evoluci\u00f3n de estas mujeres que hacen parte de un equipo de trabajo que las impulsa d\u00eda a d\u00eda a ser mejores. El desaf\u00edo hoy en d\u00eda se encuentra en seguir brindando espacios donde aumente la participaci\u00f3n de la mujer y se pueda avanzar con equidad para construir econom\u00edas mucho m\u00e1s fuertes.\u00bb<\/em> &#8211; <strong>Laura Morales, gerente de Operaciones Mandomedio en Colombia<\/strong><\/p>\n\n\n\n<figure class=\"wp-block-image aligncenter size-large is-resized\"><img fetchpriority=\"high\" decoding=\"async\" src=\"https:\/\/new.mandomedio.com\/colombia\/wp-content\/uploads\/2023\/03\/WhatsApp-Image-2023-03-07-at-11.47.48-1-1024x768.jpeg\" alt=\"\" class=\"wp-image-8880\" width=\"703\" height=\"527\"\/><\/figure>\n<\/blockquote>\n\n\n\n<p>En conclusi\u00f3n, hay un largo camino por recorrer para lograr la igualdad de g\u00e9nero en el mundo laboral en la regi\u00f3n latinoamericana pero, as\u00ed como lo mencionaron nuestras l\u00edderes, se est\u00e1n dando pasos importantes hacia un<strong> rumbo correcto<\/strong>.<\/p>\n\n\n\n<p>Desde Mandomedio <strong>reafirmamos nuestro compromiso<\/strong> con seguir este camino y continuar promoviendo la participaci\u00f3n de las mujeres en cargos directivos y de liderazgo, pues es esencial para lograr una sociedad m\u00e1s<strong> justa y equitativa<\/strong>.<\/p>\n","protected":false},"excerpt":{"rendered":"<p>Hoy 8 de marzo no es un d\u00eda cualquiera, hoy es el D\u00eda Internacional de la Mujer. Esta fecha importante concentra gran cantidad de temas en distintos aspectos, sin embargo, todos tienen algo en com\u00fan:&nbsp; la lucha por una sociedad con igualdad de oportunidades. Desde Mandomedio conmemoramos esta lucha y realizamos un an\u00e1lisis desde la [&hellip;]<\/p>\n","protected":false},"author":1,"featured_media":8874,"comment_status":"open","ping_status":"open","sticky":false,"template":"","format":"standard","meta":{"footnotes":""},"categories":[6],"tags":[15,556,308,82,11],"class_list":["post-8864","post","type-post","status-publish","format-standard","has-post-thumbnail","hentry","category-articulos-blog","tag-capacitaciones","tag-desarrollo-competencias","tag-equipo-de-trabajo","tag-organizaciones","tag-recursos-humanos"],"yoast_head":"<!-- This site is optimized with the Yoast SEO plugin v27.4 - https:\/\/yoast.com\/product\/yoast-seo-wordpress\/ -->\n<title>Mujeres en cargos directivos y de liderazgo: \u00bfCu\u00e1l es el panorama en Latinoam\u00e9rica? - Mandomedio.com<\/title>\n<meta name=\"robots\" content=\"index, follow, max-snippet:-1, max-image-preview:large, max-video-preview:-1\" \/>\n<link rel=\"canonical\" href=\"https:\/\/mandomedio.com\/colombia\/blog\/mujeres-en-cargos-directivos-y-de-liderazgo\/\" \/>\n<meta property=\"og:locale\" content=\"es_ES\" \/>\n<meta property=\"og:type\" content=\"article\" \/>\n<meta property=\"og:title\" content=\"Mujeres en cargos directivos y de liderazgo: \u00bfCu\u00e1l es el panorama en Latinoam\u00e9rica? - Mandomedio.com\" \/>\n<meta property=\"og:description\" content=\"Hoy 8 de marzo no es un d\u00eda cualquiera, hoy es el D\u00eda Internacional de la Mujer. Esta fecha importante concentra gran cantidad de temas en distintos aspectos, sin embargo, todos tienen algo en com\u00fan:&nbsp; la lucha por una sociedad con igualdad de oportunidades. Desde Mandomedio conmemoramos esta lucha y realizamos un an\u00e1lisis desde la [&hellip;]\" \/>\n<meta property=\"og:url\" content=\"https:\/\/mandomedio.com\/colombia\/blog\/mujeres-en-cargos-directivos-y-de-liderazgo\/\" \/>\n<meta property=\"og:site_name\" content=\"Mandomedio.com\" \/>\n<meta property=\"article:published_time\" content=\"2023-03-08T15:25:35+00:00\" \/>\n<meta property=\"og:image\" content=\"https:\/\/new.mandomedio.com\/colombia\/wp-content\/uploads\/2023\/03\/WhatsApp-Image-2023-03-07-at-11.47.48-1-1024x768.jpeg\" \/>\n<meta name=\"author\" content=\"comunicaciones@mandomedio.com\" \/>\n<meta name=\"twitter:card\" content=\"summary_large_image\" \/>\n<meta name=\"twitter:label1\" content=\"Escrito por\" \/>\n\t<meta name=\"twitter:data1\" content=\"comunicaciones@mandomedio.com\" \/>\n\t<meta name=\"twitter:label2\" content=\"Tiempo de lectura\" \/>\n\t<meta name=\"twitter:data2\" content=\"6 minutos\" \/>\n<script type=\"application\/ld+json\" class=\"yoast-schema-graph\">{\"@context\":\"https:\\\/\\\/schema.org\",\"@graph\":[{\"@type\":\"Article\",\"@id\":\"https:\\\/\\\/mandomedio.com\\\/colombia\\\/blog\\\/mujeres-en-cargos-directivos-y-de-liderazgo\\\/#article\",\"isPartOf\":{\"@id\":\"https:\\\/\\\/mandomedio.com\\\/colombia\\\/blog\\\/mujeres-en-cargos-directivos-y-de-liderazgo\\\/\"},\"author\":{\"name\":\"comunicaciones@mandomedio.com\",\"@id\":\"https:\\\/\\\/mandomedio.com\\\/colombia\\\/#\\\/schema\\\/person\\\/689c95c0f55de372d8310543497e27c9\"},\"headline\":\"Mujeres en cargos directivos y de liderazgo: \u00bfCu\u00e1l es el panorama en Latinoam\u00e9rica?\",\"datePublished\":\"2023-03-08T15:25:35+00:00\",\"mainEntityOfPage\":{\"@id\":\"https:\\\/\\\/mandomedio.com\\\/colombia\\\/blog\\\/mujeres-en-cargos-directivos-y-de-liderazgo\\\/\"},\"wordCount\":1162,\"commentCount\":0,\"image\":{\"@id\":\"https:\\\/\\\/mandomedio.com\\\/colombia\\\/blog\\\/mujeres-en-cargos-directivos-y-de-liderazgo\\\/#primaryimage\"},\"thumbnailUrl\":\"https:\\\/\\\/mandomedio.com\\\/colombia\\\/wp-content\\\/uploads\\\/2023\\\/03\\\/trabajadoras-reunion-maqueta-scaled-1.jpg\",\"keywords\":[\"capacitaciones\",\"desarrollo competencias\",\"equipo de trabajo\",\"organizaciones\",\"recursos humanos\"],\"articleSection\":[\"Art\u00edculos\"],\"inLanguage\":\"es\",\"potentialAction\":[{\"@type\":\"CommentAction\",\"name\":\"Comment\",\"target\":[\"https:\\\/\\\/mandomedio.com\\\/colombia\\\/blog\\\/mujeres-en-cargos-directivos-y-de-liderazgo\\\/#respond\"]}]},{\"@type\":\"WebPage\",\"@id\":\"https:\\\/\\\/mandomedio.com\\\/colombia\\\/blog\\\/mujeres-en-cargos-directivos-y-de-liderazgo\\\/\",\"url\":\"https:\\\/\\\/mandomedio.com\\\/colombia\\\/blog\\\/mujeres-en-cargos-directivos-y-de-liderazgo\\\/\",\"name\":\"Mujeres en cargos directivos y de liderazgo: \u00bfCu\u00e1l es el panorama en Latinoam\u00e9rica? - Mandomedio.com\",\"isPartOf\":{\"@id\":\"https:\\\/\\\/mandomedio.com\\\/colombia\\\/#website\"},\"primaryImageOfPage\":{\"@id\":\"https:\\\/\\\/mandomedio.com\\\/colombia\\\/blog\\\/mujeres-en-cargos-directivos-y-de-liderazgo\\\/#primaryimage\"},\"image\":{\"@id\":\"https:\\\/\\\/mandomedio.com\\\/colombia\\\/blog\\\/mujeres-en-cargos-directivos-y-de-liderazgo\\\/#primaryimage\"},\"thumbnailUrl\":\"https:\\\/\\\/mandomedio.com\\\/colombia\\\/wp-content\\\/uploads\\\/2023\\\/03\\\/trabajadoras-reunion-maqueta-scaled-1.jpg\",\"datePublished\":\"2023-03-08T15:25:35+00:00\",\"author\":{\"@id\":\"https:\\\/\\\/mandomedio.com\\\/colombia\\\/#\\\/schema\\\/person\\\/689c95c0f55de372d8310543497e27c9\"},\"breadcrumb\":{\"@id\":\"https:\\\/\\\/mandomedio.com\\\/colombia\\\/blog\\\/mujeres-en-cargos-directivos-y-de-liderazgo\\\/#breadcrumb\"},\"inLanguage\":\"es\",\"potentialAction\":[{\"@type\":\"ReadAction\",\"target\":[\"https:\\\/\\\/mandomedio.com\\\/colombia\\\/blog\\\/mujeres-en-cargos-directivos-y-de-liderazgo\\\/\"]}]},{\"@type\":\"ImageObject\",\"inLanguage\":\"es\",\"@id\":\"https:\\\/\\\/mandomedio.com\\\/colombia\\\/blog\\\/mujeres-en-cargos-directivos-y-de-liderazgo\\\/#primaryimage\",\"url\":\"https:\\\/\\\/mandomedio.com\\\/colombia\\\/wp-content\\\/uploads\\\/2023\\\/03\\\/trabajadoras-reunion-maqueta-scaled-1.jpg\",\"contentUrl\":\"https:\\\/\\\/mandomedio.com\\\/colombia\\\/wp-content\\\/uploads\\\/2023\\\/03\\\/trabajadoras-reunion-maqueta-scaled-1.jpg\",\"width\":2560,\"height\":1707},{\"@type\":\"BreadcrumbList\",\"@id\":\"https:\\\/\\\/mandomedio.com\\\/colombia\\\/blog\\\/mujeres-en-cargos-directivos-y-de-liderazgo\\\/#breadcrumb\",\"itemListElement\":[{\"@type\":\"ListItem\",\"position\":1,\"name\":\"Home\",\"item\":\"https:\\\/\\\/mandomedio.com\\\/colombia\\\/\"},{\"@type\":\"ListItem\",\"position\":2,\"name\":\"Mujeres en cargos directivos y de liderazgo: \u00bfCu\u00e1l es el panorama en Latinoam\u00e9rica?\"}]},{\"@type\":\"WebSite\",\"@id\":\"https:\\\/\\\/mandomedio.com\\\/colombia\\\/#website\",\"url\":\"https:\\\/\\\/mandomedio.com\\\/colombia\\\/\",\"name\":\"Mandomedio.com\",\"description\":\"\",\"potentialAction\":[{\"@type\":\"SearchAction\",\"target\":{\"@type\":\"EntryPoint\",\"urlTemplate\":\"https:\\\/\\\/mandomedio.com\\\/colombia\\\/?s={search_term_string}\"},\"query-input\":{\"@type\":\"PropertyValueSpecification\",\"valueRequired\":true,\"valueName\":\"search_term_string\"}}],\"inLanguage\":\"es\"},{\"@type\":\"Person\",\"@id\":\"https:\\\/\\\/mandomedio.com\\\/colombia\\\/#\\\/schema\\\/person\\\/689c95c0f55de372d8310543497e27c9\",\"name\":\"comunicaciones@mandomedio.com\",\"sameAs\":[\"https:\\\/\\\/new.mandomedio.com\"],\"url\":\"https:\\\/\\\/mandomedio.com\\\/colombia\\\/blog\\\/author\\\/comunicacionesmandomedio-com\\\/\"}]}<\/script>\n<!-- \/ Yoast SEO plugin. -->","yoast_head_json":{"title":"Mujeres en cargos directivos y de liderazgo: \u00bfCu\u00e1l es el panorama en Latinoam\u00e9rica? - Mandomedio.com","robots":{"index":"index","follow":"follow","max-snippet":"max-snippet:-1","max-image-preview":"max-image-preview:large","max-video-preview":"max-video-preview:-1"},"canonical":"https:\/\/mandomedio.com\/colombia\/blog\/mujeres-en-cargos-directivos-y-de-liderazgo\/","og_locale":"es_ES","og_type":"article","og_title":"Mujeres en cargos directivos y de liderazgo: \u00bfCu\u00e1l es el panorama en Latinoam\u00e9rica? - Mandomedio.com","og_description":"Hoy 8 de marzo no es un d\u00eda cualquiera, hoy es el D\u00eda Internacional de la Mujer. Esta fecha importante concentra gran cantidad de temas en distintos aspectos, sin embargo, todos tienen algo en com\u00fan:&nbsp; la lucha por una sociedad con igualdad de oportunidades. Desde Mandomedio conmemoramos esta lucha y realizamos un an\u00e1lisis desde la [&hellip;]","og_url":"https:\/\/mandomedio.com\/colombia\/blog\/mujeres-en-cargos-directivos-y-de-liderazgo\/","og_site_name":"Mandomedio.com","article_published_time":"2023-03-08T15:25:35+00:00","og_image":[{"url":"https:\/\/new.mandomedio.com\/colombia\/wp-content\/uploads\/2023\/03\/WhatsApp-Image-2023-03-07-at-11.47.48-1-1024x768.jpeg","type":"","width":"","height":""}],"author":"comunicaciones@mandomedio.com","twitter_card":"summary_large_image","twitter_misc":{"Escrito por":"comunicaciones@mandomedio.com","Tiempo de lectura":"6 minutos"},"schema":{"@context":"https:\/\/schema.org","@graph":[{"@type":"Article","@id":"https:\/\/mandomedio.com\/colombia\/blog\/mujeres-en-cargos-directivos-y-de-liderazgo\/#article","isPartOf":{"@id":"https:\/\/mandomedio.com\/colombia\/blog\/mujeres-en-cargos-directivos-y-de-liderazgo\/"},"author":{"name":"comunicaciones@mandomedio.com","@id":"https:\/\/mandomedio.com\/colombia\/#\/schema\/person\/689c95c0f55de372d8310543497e27c9"},"headline":"Mujeres en cargos directivos y de liderazgo: \u00bfCu\u00e1l es el panorama en Latinoam\u00e9rica?","datePublished":"2023-03-08T15:25:35+00:00","mainEntityOfPage":{"@id":"https:\/\/mandomedio.com\/colombia\/blog\/mujeres-en-cargos-directivos-y-de-liderazgo\/"},"wordCount":1162,"commentCount":0,"image":{"@id":"https:\/\/mandomedio.com\/colombia\/blog\/mujeres-en-cargos-directivos-y-de-liderazgo\/#primaryimage"},"thumbnailUrl":"https:\/\/mandomedio.com\/colombia\/wp-content\/uploads\/2023\/03\/trabajadoras-reunion-maqueta-scaled-1.jpg","keywords":["capacitaciones","desarrollo competencias","equipo de trabajo","organizaciones","recursos humanos"],"articleSection":["Art\u00edculos"],"inLanguage":"es","potentialAction":[{"@type":"CommentAction","name":"Comment","target":["https:\/\/mandomedio.com\/colombia\/blog\/mujeres-en-cargos-directivos-y-de-liderazgo\/#respond"]}]},{"@type":"WebPage","@id":"https:\/\/mandomedio.com\/colombia\/blog\/mujeres-en-cargos-directivos-y-de-liderazgo\/","url":"https:\/\/mandomedio.com\/colombia\/blog\/mujeres-en-cargos-directivos-y-de-liderazgo\/","name":"Mujeres en cargos directivos y de liderazgo: \u00bfCu\u00e1l es el panorama en Latinoam\u00e9rica? - Mandomedio.com","isPartOf":{"@id":"https:\/\/mandomedio.com\/colombia\/#website"},"primaryImageOfPage":{"@id":"https:\/\/mandomedio.com\/colombia\/blog\/mujeres-en-cargos-directivos-y-de-liderazgo\/#primaryimage"},"image":{"@id":"https:\/\/mandomedio.com\/colombia\/blog\/mujeres-en-cargos-directivos-y-de-liderazgo\/#primaryimage"},"thumbnailUrl":"https:\/\/mandomedio.com\/colombia\/wp-content\/uploads\/2023\/03\/trabajadoras-reunion-maqueta-scaled-1.jpg","datePublished":"2023-03-08T15:25:35+00:00","author":{"@id":"https:\/\/mandomedio.com\/colombia\/#\/schema\/person\/689c95c0f55de372d8310543497e27c9"},"breadcrumb":{"@id":"https:\/\/mandomedio.com\/colombia\/blog\/mujeres-en-cargos-directivos-y-de-liderazgo\/#breadcrumb"},"inLanguage":"es","potentialAction":[{"@type":"ReadAction","target":["https:\/\/mandomedio.com\/colombia\/blog\/mujeres-en-cargos-directivos-y-de-liderazgo\/"]}]},{"@type":"ImageObject","inLanguage":"es","@id":"https:\/\/mandomedio.com\/colombia\/blog\/mujeres-en-cargos-directivos-y-de-liderazgo\/#primaryimage","url":"https:\/\/mandomedio.com\/colombia\/wp-content\/uploads\/2023\/03\/trabajadoras-reunion-maqueta-scaled-1.jpg","contentUrl":"https:\/\/mandomedio.com\/colombia\/wp-content\/uploads\/2023\/03\/trabajadoras-reunion-maqueta-scaled-1.jpg","width":2560,"height":1707},{"@type":"BreadcrumbList","@id":"https:\/\/mandomedio.com\/colombia\/blog\/mujeres-en-cargos-directivos-y-de-liderazgo\/#breadcrumb","itemListElement":[{"@type":"ListItem","position":1,"name":"Home","item":"https:\/\/mandomedio.com\/colombia\/"},{"@type":"ListItem","position":2,"name":"Mujeres en cargos directivos y de liderazgo: \u00bfCu\u00e1l es el panorama en Latinoam\u00e9rica?"}]},{"@type":"WebSite","@id":"https:\/\/mandomedio.com\/colombia\/#website","url":"https:\/\/mandomedio.com\/colombia\/","name":"Mandomedio.com","description":"","potentialAction":[{"@type":"SearchAction","target":{"@type":"EntryPoint","urlTemplate":"https:\/\/mandomedio.com\/colombia\/?s={search_term_string}"},"query-input":{"@type":"PropertyValueSpecification","valueRequired":true,"valueName":"search_term_string"}}],"inLanguage":"es"},{"@type":"Person","@id":"https:\/\/mandomedio.com\/colombia\/#\/schema\/person\/689c95c0f55de372d8310543497e27c9","name":"comunicaciones@mandomedio.com","sameAs":["https:\/\/new.mandomedio.com"],"url":"https:\/\/mandomedio.com\/colombia\/blog\/author\/comunicacionesmandomedio-com\/"}]}},"_links":{"self":[{"href":"https:\/\/mandomedio.com\/colombia\/wp-json\/wp\/v2\/posts\/8864","targetHints":{"allow":["GET"]}}],"collection":[{"href":"https:\/\/mandomedio.com\/colombia\/wp-json\/wp\/v2\/posts"}],"about":[{"href":"https:\/\/mandomedio.com\/colombia\/wp-json\/wp\/v2\/types\/post"}],"author":[{"embeddable":true,"href":"https:\/\/mandomedio.com\/colombia\/wp-json\/wp\/v2\/users\/1"}],"replies":[{"embeddable":true,"href":"https:\/\/mandomedio.com\/colombia\/wp-json\/wp\/v2\/comments?post=8864"}],"version-history":[{"count":0,"href":"https:\/\/mandomedio.com\/colombia\/wp-json\/wp\/v2\/posts\/8864\/revisions"}],"wp:featuredmedia":[{"embeddable":true,"href":"https:\/\/mandomedio.com\/colombia\/wp-json\/wp\/v2\/media\/8874"}],"wp:attachment":[{"href":"https:\/\/mandomedio.com\/colombia\/wp-json\/wp\/v2\/media?parent=8864"}],"wp:term":[{"taxonomy":"category","embeddable":true,"href":"https:\/\/mandomedio.com\/colombia\/wp-json\/wp\/v2\/categories?post=8864"},{"taxonomy":"post_tag","embeddable":true,"href":"https:\/\/mandomedio.com\/colombia\/wp-json\/wp\/v2\/tags?post=8864"}],"curies":[{"name":"wp","href":"https:\/\/api.w.org\/{rel}","templated":true}]}}