{"id":7332,"date":"2022-04-13T15:32:59","date_gmt":"2022-04-13T15:32:59","guid":{"rendered":"https:\/\/new.mandomedio.com\/colombia\/?p=7332"},"modified":"2022-04-13T15:32:59","modified_gmt":"2022-04-13T15:32:59","slug":"la-importancia-de-la-comunicacion-interna-en-las-empresas","status":"publish","type":"post","link":"https:\/\/mandomedio.com\/colombia\/blog\/la-importancia-de-la-comunicacion-interna-en-las-empresas\/","title":{"rendered":"La importancia de la comunicaci\u00f3n interna en las empresas"},"content":{"rendered":"\n<p>La <strong>comunicaci\u00f3n interna<\/strong> se considera la v\u00e9rtebra de cualquier estrategia empresarial. Pues, s\u00f3lo a trav\u00e9s de ella es posible alinear los intereses de todos los involucrados en pro de los objetivos y valores de la compa\u00f1\u00eda.<\/p>\n\n\n\n<p>Esto quiere decir que toda <strong>comunicaci\u00f3n corporativa<\/strong> deficiente har\u00e1 que la empresa pierda de vista sus metas comunes. Si quieres evitar este desenlace lee con detenimiento la informaci\u00f3n que hemos preparado a continuaci\u00f3n. \u00a1Vamos!<\/p>\n\n\n\n<h2 class=\"wp-block-heading\"><strong>\u00bfQu\u00e9 es la comunicaci\u00f3n interna y qu\u00e9 implica?<\/strong><\/h2>\n\n\n\n<p>Al hablar de <strong>comunicaci\u00f3n interna <\/strong>nos referimos al proceso de notificaci\u00f3n y\/o intercambio de intereses relacionados a la corporaci\u00f3n. El mensaje que se transmite en este proceso involucra los siguientes aspectos de la misma:<\/p>\n\n\n\n<ol class=\"wp-block-list\" type=\"1\"><li>Su visi\u00f3n, misi\u00f3n y valores.<\/li><li>Sus objetivos propuestos y su alcance.<\/li><li>Las estrategias para la consecuci\u00f3n de objetivos.<\/li><li>Lo que se espera de cada uno de los involucrados.<\/li><\/ol>\n\n\n\n<p>Esta comunicaci\u00f3n debe darse en los diferentes <strong>niveles de la organizaci\u00f3n<\/strong> para que sea efectiva. Es decir, se da dentro de la empresa entre l\u00edderes superiores, entre colaboradores (comunicaci\u00f3n horizontal) y tambi\u00e9n entre superiores y colaboradores (comunicaci\u00f3n bidireccional).<\/p>\n\n\n\n<p>Para entender mejor lo que implica es importante aclarar ciertos t\u00e9rminos de comunicaci\u00f3n: descendente y ascendente.<\/p>\n\n\n\n<h3 class=\"wp-block-heading\"><strong>Comunicaci\u00f3n descendente<\/strong><\/h3>\n\n\n\n<p>Este <strong>tipo de comunicaci\u00f3n <\/strong>fluye desde los cargos o mandos superiores hacia los inferiores o m\u00e1s bajos. Sobre ella recae la responsabilidad de transmitir eficazmente los cuatro aspectos mencionados anteriormente. Pues, los cargos superiores suponen un alto nivel de compromiso y mayor comprensi\u00f3n de todo lo inherente a la organizaci\u00f3n.<\/p>\n\n\n\n<h3 class=\"wp-block-heading\"><strong>Comunicaci\u00f3n ascendente<\/strong><\/h3>\n\n\n\n<p>Esta fluye de forma inversa a la anterior. Su consideraci\u00f3n y pr\u00e1ctica es fundamental para la <a href=\"https:\/\/www.larepublica.co\/analisis\/nuria-vilanova-509356\/comunicacion-interna-colombia-triunfa-afuera-2496706\">organizaci\u00f3n moderna<\/a>. Pues, el viejo modelo de comunicaci\u00f3n unidireccional (s\u00f3lo los jefes comunican) no es eficiente.<\/p>\n\n\n\n<p>Si las acciones de cada colaborador son importantes, lo que \u00e9ste tiene que comunicar tambi\u00e9n lo es. Desde all\u00ed pueden surgir mejores ideas, resoluci\u00f3n de dudas y errores. Tambi\u00e9n permite conocer los intereses y motivaci\u00f3n de cada empleado.<\/p>\n\n\n\n<h2 class=\"wp-block-heading\"><strong>\u00bfQu\u00e9 ocurre cuando existe mala comunicaci\u00f3n interna?<\/strong><\/h2>\n\n\n\n<p>Si la <strong>comunicaci\u00f3n<\/strong> <strong>corporativa<\/strong> no es efectiva, la organizaci\u00f3n puede estar invirtiendo esfuerzos en vano. Tal condici\u00f3n produce desmotivaci\u00f3n entre los colaboradores y un <strong>clima laboral <\/strong>desorganizado y decepcionante.<\/p>\n\n\n\n<p>En el siguiente cuadro mencionamos 5 secuelas negativas que hacen m\u00e1s notable la <strong>importancia de la comunicaci\u00f3n<\/strong> en la empresa.<\/p>\n\n\n\n<figure class=\"wp-block-table is-style-regular\"><table class=\"has-black-color has-text-color has-background\" style=\"background:linear-gradient(135deg,rgba(255,203,112,0.88) 29%,rgba(242,240,94,0.61) 100%,rgb(65,88,208) 100%)\"><tbody><tr><td><strong>Consecuencia<\/strong><\/td><td><strong>Fallo en la comunicaci\u00f3n<\/strong><\/td><\/tr><tr><td><strong>Baja productividad<\/strong><\/td><td>No fluye bien la comunicaci\u00f3n horizontal entre l\u00edderes por lo que no comunican correctamente los objetivos. Esto genera dudas sobre las tareas a realizar.<\/td><\/tr><tr><td><strong>Ocurrencia de errores generalizados<\/strong><\/td><td>Hay comunicaci\u00f3n d\u00e9bil y confusa sobre los objetivos, mensajes, responsabilidades y los esfuerzos esperados. Existe comunicaci\u00f3n horizontal y bidireccional d\u00e9bil e imprecisa.<\/td><\/tr><tr><td><strong>Bajo entusiasmo en los colaboradores<\/strong><\/td><td>Hay debilidad en la comunicaci\u00f3n ascendente. El colaborador no es escuchado ni reconocido y sus ideas no son consideradas.<\/td><\/tr><tr><td><strong>Clima laboral desagradable<\/strong><\/td><td>Poca comprensi\u00f3n y escucha en todos los niveles de la organizaci\u00f3n.<\/td><\/tr><tr><td><strong>Insatisfacci\u00f3n de los clientes<\/strong><\/td><td>Falla en la notificaci\u00f3n, organizaci\u00f3n y comprensi\u00f3n de las instrucciones e inter\u00e9s finales.<\/td><\/tr><\/tbody><\/table><\/figure>\n\n\n\n<h2 class=\"wp-block-heading\"><strong>Fortalezas de la organizaci\u00f3n que se comunica bien<\/strong><\/h2>\n\n\n\n<p>Partiendo de todo lo expuesto podemos deducir que la empresa que se comunica efectivamente fortalecer\u00e1 los siguientes aspectos:<\/p>\n\n\n\n<ul class=\"wp-block-list\"><li>Mejorar\u00e1 sus niveles de operatividad, de organizaci\u00f3n estrat\u00e9gica y de compromiso aprovechando bien los <strong>recursos humanos <\/strong>con los que cuenta. Pues, todos los trabajadores tendr\u00e1n claro qu\u00e9 tienen que hacer, c\u00f3mo lo van a hacer y por qu\u00e9 lo hacen.<\/li><li>Aumentar\u00e1 el entusiasmo de los colaboradores al proponerse <strong>motivar a su equipo<\/strong> y lograr que quiera hacerlo bien.<\/li><li>Optimizar\u00e1 su productividad porque comunicar\u00e1 bien a cada participante c\u00f3mo hizo o est\u00e1 haciendo su trabajo. Y al mismo tiempo establecer\u00e1 pautas para descubrir c\u00f3mo hacerlo mejor.<\/li><li>Establecer\u00e1 una <strong>comunicaci\u00f3n externa<\/strong> con asertividad.<\/li><\/ul>\n\n\n\n<div class=\"wp-block-image\"><figure class=\"aligncenter size-full is-resized\"><img fetchpriority=\"high\" decoding=\"async\" src=\"https:\/\/mandomedio.com\/colombia\/wp-content\/uploads\/2022\/04\/comunicacion-interna-1-1.jpg\" alt=\"comunicaci\u00f3n-interna \" class=\"wp-image-7333\" width=\"731\" height=\"460\" srcset=\"https:\/\/mandomedio.com\/colombia\/wp-content\/uploads\/2022\/04\/comunicacion-interna-1-1.jpg 567w, https:\/\/mandomedio.com\/colombia\/wp-content\/uploads\/2022\/04\/comunicacion-interna-1-1-300x189.jpg 300w\" sizes=\"(max-width: 731px) 100vw, 731px\" \/><\/figure><\/div>\n\n\n\n<h2 class=\"wp-block-heading\"><strong>Algunas estrategias de comunicaci\u00f3n interna<\/strong><\/h2>\n\n\n\n<p>A continuaci\u00f3n, mencionamos algunas pr\u00e1cticas que te ayudar\u00e1n a fortalecer este aspecto <strong>interno en la empresa <\/strong>con \u00e9xito:<\/p>\n\n\n\n<ul class=\"wp-block-list\"><li>Digitaliza la comunicaci\u00f3n<\/li><\/ul>\n\n\n\n<p>El <strong>correo electr\u00f3nico<\/strong> y las <strong>redes sociales <\/strong>son algunos de los medios m\u00e1s comunes. Estos medios permiten comunicar instrucciones y requerimientos, dar y recibir feedback de evaluaci\u00f3n o planificaci\u00f3n de proyectos, ofrecer actualizaci\u00f3n de datos en forma din\u00e1mica.<\/p>\n\n\n\n<p>El uso de las pantallas<a href=\"https:\/\/new.mandomedio.com\/colombia\/blog\/pantallas-digitales-para-una-mejor-comunicacion-corporativa\/\"> digitales<\/a>, adem\u00e1s de dinamizar la comunicaci\u00f3n, tiene muchos usos adaptables a las <strong>necesidades de las compa\u00f1\u00edas<\/strong> actuales.<\/p>\n\n\n\n<ul class=\"wp-block-list\"><li>Establece un <strong>plan de comunicaci\u00f3n interna<\/strong><\/li><\/ul>\n\n\n\n<p>Es muy \u00fatil hacer un <a href=\"https:\/\/new.mandomedio.com\/colombia\/blog\/comunicacion-interna-pasos-para-realizar-un-plan-exitoso\/\">plan de comunicaci\u00f3n<\/a> con los medios y los modos de transmitir la informaci\u00f3n. Pues, incluso la comunicaci\u00f3n requiere inter\u00e9s y organizaci\u00f3n.<\/p>\n\n\n\n<ul class=\"wp-block-list\"><li>Fomenta el habla y la escucha activa<\/li><\/ul>\n\n\n\n<p>Es importante comunicarse con inter\u00e9s y con consciencia activa, trascendiendo el habla y los o\u00eddos. Recordar que todos conforman un <strong>equipo humano<\/strong> es fundamental.<\/p>\n\n\n\n<h2 class=\"wp-block-heading\"><strong>Dar el primer paso es lo importante<\/strong><\/h2>\n\n\n\n<p>Hasta este punto \u00bfpodr\u00edas identificar otros efectos negativos de una <strong>comunicaci\u00f3n corporativa <\/strong>deficiente? \u00bfC\u00f3mo funciona la <strong>pol\u00edtica de comunicaci\u00f3n<\/strong> en tu empresa? \u00bfQu\u00e9 <strong>estrategias de comunicaci\u00f3n<\/strong> aplicar\u00edas para mejorarlas?<\/p>\n\n\n\n<p>Si necesitas apoyo en todo ello, en Mandomedio estamos dispuestos a ayudarte a transformar la comunicaci\u00f3n de tu organizaci\u00f3n. Muchas empresas se han beneficiado con nuestra asesor\u00eda. <a href=\"https:\/\/new.mandomedio.com\/colombia\/contacto\/\">\u00a1Cont\u00e1ctanos aqu\u00ed!<\/a><\/p>\n","protected":false},"excerpt":{"rendered":"<p>La comunicaci\u00f3n interna se considera la v\u00e9rtebra de cualquier estrategia empresarial. Pues, s\u00f3lo a trav\u00e9s de ella es posible alinear los intereses de todos los involucrados en pro de los objetivos y valores de la compa\u00f1\u00eda. Esto quiere decir que toda comunicaci\u00f3n corporativa deficiente har\u00e1 que la empresa pierda de vista sus metas comunes. Si [&hellip;]<\/p>\n","protected":false},"author":1,"featured_media":7505,"comment_status":"open","ping_status":"open","sticky":false,"template":"","format":"standard","meta":{"footnotes":""},"categories":[6],"tags":[237,454,22,475,82],"class_list":["post-7332","post","type-post","status-publish","format-standard","has-post-thumbnail","hentry","category-articulos-blog","tag-comunicacion-corporativa","tag-comunicacion-interna","tag-mandomedio","tag-mandomedio-colombia","tag-organizaciones"],"yoast_head":"<!-- This site is optimized with the Yoast SEO plugin v27.4 - https:\/\/yoast.com\/product\/yoast-seo-wordpress\/ -->\n<title>La importancia de la comunicaci\u00f3n interna en las empresas - Mandomedio.com<\/title>\n<meta name=\"robots\" content=\"index, follow, max-snippet:-1, max-image-preview:large, max-video-preview:-1\" \/>\n<link rel=\"canonical\" href=\"https:\/\/mandomedio.com\/colombia\/blog\/la-importancia-de-la-comunicacion-interna-en-las-empresas\/\" \/>\n<meta property=\"og:locale\" content=\"es_ES\" \/>\n<meta property=\"og:type\" content=\"article\" \/>\n<meta property=\"og:title\" content=\"La importancia de la comunicaci\u00f3n interna en las empresas - Mandomedio.com\" \/>\n<meta property=\"og:description\" content=\"La comunicaci\u00f3n interna se considera la v\u00e9rtebra de cualquier estrategia empresarial. Pues, s\u00f3lo a trav\u00e9s de ella es posible alinear los intereses de todos los involucrados en pro de los objetivos y valores de la compa\u00f1\u00eda. Esto quiere decir que toda comunicaci\u00f3n corporativa deficiente har\u00e1 que la empresa pierda de vista sus metas comunes. Si [&hellip;]\" \/>\n<meta property=\"og:url\" content=\"https:\/\/mandomedio.com\/colombia\/blog\/la-importancia-de-la-comunicacion-interna-en-las-empresas\/\" \/>\n<meta property=\"og:site_name\" content=\"Mandomedio.com\" \/>\n<meta property=\"article:published_time\" content=\"2022-04-13T15:32:59+00:00\" \/>\n<meta property=\"og:image\" content=\"https:\/\/new.mandomedio.com\/colombia\/wp-content\/uploads\/2022\/04\/comunicacion-interna-1.jpg\" \/>\n<meta name=\"author\" content=\"comunicaciones@mandomedio.com\" \/>\n<meta name=\"twitter:card\" content=\"summary_large_image\" \/>\n<meta name=\"twitter:label1\" content=\"Escrito por\" \/>\n\t<meta name=\"twitter:data1\" content=\"comunicaciones@mandomedio.com\" \/>\n\t<meta name=\"twitter:label2\" content=\"Tiempo de lectura\" \/>\n\t<meta name=\"twitter:data2\" content=\"5 minutos\" \/>\n<script type=\"application\/ld+json\" class=\"yoast-schema-graph\">{\"@context\":\"https:\\\/\\\/schema.org\",\"@graph\":[{\"@type\":\"Article\",\"@id\":\"https:\\\/\\\/mandomedio.com\\\/colombia\\\/blog\\\/la-importancia-de-la-comunicacion-interna-en-las-empresas\\\/#article\",\"isPartOf\":{\"@id\":\"https:\\\/\\\/mandomedio.com\\\/colombia\\\/blog\\\/la-importancia-de-la-comunicacion-interna-en-las-empresas\\\/\"},\"author\":{\"name\":\"comunicaciones@mandomedio.com\",\"@id\":\"https:\\\/\\\/mandomedio.com\\\/colombia\\\/#\\\/schema\\\/person\\\/689c95c0f55de372d8310543497e27c9\"},\"headline\":\"La importancia de la comunicaci\u00f3n interna en las empresas\",\"datePublished\":\"2022-04-13T15:32:59+00:00\",\"mainEntityOfPage\":{\"@id\":\"https:\\\/\\\/mandomedio.com\\\/colombia\\\/blog\\\/la-importancia-de-la-comunicacion-interna-en-las-empresas\\\/\"},\"wordCount\":928,\"commentCount\":0,\"image\":{\"@id\":\"https:\\\/\\\/mandomedio.com\\\/colombia\\\/blog\\\/la-importancia-de-la-comunicacion-interna-en-las-empresas\\\/#primaryimage\"},\"thumbnailUrl\":\"https:\\\/\\\/mandomedio.com\\\/colombia\\\/wp-content\\\/uploads\\\/2022\\\/04\\\/comunicacion-interna3-scaled-1.jpg\",\"keywords\":[\"comunicacion corporativa\",\"comunicaci\u00f3n interna\",\"mandomedio\",\"mandomedio colombia\",\"organizaciones\"],\"articleSection\":[\"Art\u00edculos\"],\"inLanguage\":\"es\",\"potentialAction\":[{\"@type\":\"CommentAction\",\"name\":\"Comment\",\"target\":[\"https:\\\/\\\/mandomedio.com\\\/colombia\\\/blog\\\/la-importancia-de-la-comunicacion-interna-en-las-empresas\\\/#respond\"]}]},{\"@type\":\"WebPage\",\"@id\":\"https:\\\/\\\/mandomedio.com\\\/colombia\\\/blog\\\/la-importancia-de-la-comunicacion-interna-en-las-empresas\\\/\",\"url\":\"https:\\\/\\\/mandomedio.com\\\/colombia\\\/blog\\\/la-importancia-de-la-comunicacion-interna-en-las-empresas\\\/\",\"name\":\"La importancia de la comunicaci\u00f3n interna en las empresas - Mandomedio.com\",\"isPartOf\":{\"@id\":\"https:\\\/\\\/mandomedio.com\\\/colombia\\\/#website\"},\"primaryImageOfPage\":{\"@id\":\"https:\\\/\\\/mandomedio.com\\\/colombia\\\/blog\\\/la-importancia-de-la-comunicacion-interna-en-las-empresas\\\/#primaryimage\"},\"image\":{\"@id\":\"https:\\\/\\\/mandomedio.com\\\/colombia\\\/blog\\\/la-importancia-de-la-comunicacion-interna-en-las-empresas\\\/#primaryimage\"},\"thumbnailUrl\":\"https:\\\/\\\/mandomedio.com\\\/colombia\\\/wp-content\\\/uploads\\\/2022\\\/04\\\/comunicacion-interna3-scaled-1.jpg\",\"datePublished\":\"2022-04-13T15:32:59+00:00\",\"author\":{\"@id\":\"https:\\\/\\\/mandomedio.com\\\/colombia\\\/#\\\/schema\\\/person\\\/689c95c0f55de372d8310543497e27c9\"},\"breadcrumb\":{\"@id\":\"https:\\\/\\\/mandomedio.com\\\/colombia\\\/blog\\\/la-importancia-de-la-comunicacion-interna-en-las-empresas\\\/#breadcrumb\"},\"inLanguage\":\"es\",\"potentialAction\":[{\"@type\":\"ReadAction\",\"target\":[\"https:\\\/\\\/mandomedio.com\\\/colombia\\\/blog\\\/la-importancia-de-la-comunicacion-interna-en-las-empresas\\\/\"]}]},{\"@type\":\"ImageObject\",\"inLanguage\":\"es\",\"@id\":\"https:\\\/\\\/mandomedio.com\\\/colombia\\\/blog\\\/la-importancia-de-la-comunicacion-interna-en-las-empresas\\\/#primaryimage\",\"url\":\"https:\\\/\\\/mandomedio.com\\\/colombia\\\/wp-content\\\/uploads\\\/2022\\\/04\\\/comunicacion-interna3-scaled-1.jpg\",\"contentUrl\":\"https:\\\/\\\/mandomedio.com\\\/colombia\\\/wp-content\\\/uploads\\\/2022\\\/04\\\/comunicacion-interna3-scaled-1.jpg\",\"width\":2560,\"height\":1707,\"caption\":\"comunicaci\u00f3n-interna\"},{\"@type\":\"BreadcrumbList\",\"@id\":\"https:\\\/\\\/mandomedio.com\\\/colombia\\\/blog\\\/la-importancia-de-la-comunicacion-interna-en-las-empresas\\\/#breadcrumb\",\"itemListElement\":[{\"@type\":\"ListItem\",\"position\":1,\"name\":\"Home\",\"item\":\"https:\\\/\\\/mandomedio.com\\\/colombia\\\/\"},{\"@type\":\"ListItem\",\"position\":2,\"name\":\"La importancia de la comunicaci\u00f3n interna en las empresas\"}]},{\"@type\":\"WebSite\",\"@id\":\"https:\\\/\\\/mandomedio.com\\\/colombia\\\/#website\",\"url\":\"https:\\\/\\\/mandomedio.com\\\/colombia\\\/\",\"name\":\"Mandomedio.com\",\"description\":\"\",\"potentialAction\":[{\"@type\":\"SearchAction\",\"target\":{\"@type\":\"EntryPoint\",\"urlTemplate\":\"https:\\\/\\\/mandomedio.com\\\/colombia\\\/?s={search_term_string}\"},\"query-input\":{\"@type\":\"PropertyValueSpecification\",\"valueRequired\":true,\"valueName\":\"search_term_string\"}}],\"inLanguage\":\"es\"},{\"@type\":\"Person\",\"@id\":\"https:\\\/\\\/mandomedio.com\\\/colombia\\\/#\\\/schema\\\/person\\\/689c95c0f55de372d8310543497e27c9\",\"name\":\"comunicaciones@mandomedio.com\",\"sameAs\":[\"https:\\\/\\\/new.mandomedio.com\"],\"url\":\"https:\\\/\\\/mandomedio.com\\\/colombia\\\/blog\\\/author\\\/comunicacionesmandomedio-com\\\/\"}]}<\/script>\n<!-- \/ Yoast SEO plugin. -->","yoast_head_json":{"title":"La importancia de la comunicaci\u00f3n interna en las empresas - Mandomedio.com","robots":{"index":"index","follow":"follow","max-snippet":"max-snippet:-1","max-image-preview":"max-image-preview:large","max-video-preview":"max-video-preview:-1"},"canonical":"https:\/\/mandomedio.com\/colombia\/blog\/la-importancia-de-la-comunicacion-interna-en-las-empresas\/","og_locale":"es_ES","og_type":"article","og_title":"La importancia de la comunicaci\u00f3n interna en las empresas - Mandomedio.com","og_description":"La comunicaci\u00f3n interna se considera la v\u00e9rtebra de cualquier estrategia empresarial. Pues, s\u00f3lo a trav\u00e9s de ella es posible alinear los intereses de todos los involucrados en pro de los objetivos y valores de la compa\u00f1\u00eda. Esto quiere decir que toda comunicaci\u00f3n corporativa deficiente har\u00e1 que la empresa pierda de vista sus metas comunes. Si [&hellip;]","og_url":"https:\/\/mandomedio.com\/colombia\/blog\/la-importancia-de-la-comunicacion-interna-en-las-empresas\/","og_site_name":"Mandomedio.com","article_published_time":"2022-04-13T15:32:59+00:00","og_image":[{"url":"https:\/\/new.mandomedio.com\/colombia\/wp-content\/uploads\/2022\/04\/comunicacion-interna-1.jpg","type":"","width":"","height":""}],"author":"comunicaciones@mandomedio.com","twitter_card":"summary_large_image","twitter_misc":{"Escrito por":"comunicaciones@mandomedio.com","Tiempo de lectura":"5 minutos"},"schema":{"@context":"https:\/\/schema.org","@graph":[{"@type":"Article","@id":"https:\/\/mandomedio.com\/colombia\/blog\/la-importancia-de-la-comunicacion-interna-en-las-empresas\/#article","isPartOf":{"@id":"https:\/\/mandomedio.com\/colombia\/blog\/la-importancia-de-la-comunicacion-interna-en-las-empresas\/"},"author":{"name":"comunicaciones@mandomedio.com","@id":"https:\/\/mandomedio.com\/colombia\/#\/schema\/person\/689c95c0f55de372d8310543497e27c9"},"headline":"La importancia de la comunicaci\u00f3n interna en las empresas","datePublished":"2022-04-13T15:32:59+00:00","mainEntityOfPage":{"@id":"https:\/\/mandomedio.com\/colombia\/blog\/la-importancia-de-la-comunicacion-interna-en-las-empresas\/"},"wordCount":928,"commentCount":0,"image":{"@id":"https:\/\/mandomedio.com\/colombia\/blog\/la-importancia-de-la-comunicacion-interna-en-las-empresas\/#primaryimage"},"thumbnailUrl":"https:\/\/mandomedio.com\/colombia\/wp-content\/uploads\/2022\/04\/comunicacion-interna3-scaled-1.jpg","keywords":["comunicacion corporativa","comunicaci\u00f3n interna","mandomedio","mandomedio colombia","organizaciones"],"articleSection":["Art\u00edculos"],"inLanguage":"es","potentialAction":[{"@type":"CommentAction","name":"Comment","target":["https:\/\/mandomedio.com\/colombia\/blog\/la-importancia-de-la-comunicacion-interna-en-las-empresas\/#respond"]}]},{"@type":"WebPage","@id":"https:\/\/mandomedio.com\/colombia\/blog\/la-importancia-de-la-comunicacion-interna-en-las-empresas\/","url":"https:\/\/mandomedio.com\/colombia\/blog\/la-importancia-de-la-comunicacion-interna-en-las-empresas\/","name":"La importancia de la comunicaci\u00f3n interna en las empresas - Mandomedio.com","isPartOf":{"@id":"https:\/\/mandomedio.com\/colombia\/#website"},"primaryImageOfPage":{"@id":"https:\/\/mandomedio.com\/colombia\/blog\/la-importancia-de-la-comunicacion-interna-en-las-empresas\/#primaryimage"},"image":{"@id":"https:\/\/mandomedio.com\/colombia\/blog\/la-importancia-de-la-comunicacion-interna-en-las-empresas\/#primaryimage"},"thumbnailUrl":"https:\/\/mandomedio.com\/colombia\/wp-content\/uploads\/2022\/04\/comunicacion-interna3-scaled-1.jpg","datePublished":"2022-04-13T15:32:59+00:00","author":{"@id":"https:\/\/mandomedio.com\/colombia\/#\/schema\/person\/689c95c0f55de372d8310543497e27c9"},"breadcrumb":{"@id":"https:\/\/mandomedio.com\/colombia\/blog\/la-importancia-de-la-comunicacion-interna-en-las-empresas\/#breadcrumb"},"inLanguage":"es","potentialAction":[{"@type":"ReadAction","target":["https:\/\/mandomedio.com\/colombia\/blog\/la-importancia-de-la-comunicacion-interna-en-las-empresas\/"]}]},{"@type":"ImageObject","inLanguage":"es","@id":"https:\/\/mandomedio.com\/colombia\/blog\/la-importancia-de-la-comunicacion-interna-en-las-empresas\/#primaryimage","url":"https:\/\/mandomedio.com\/colombia\/wp-content\/uploads\/2022\/04\/comunicacion-interna3-scaled-1.jpg","contentUrl":"https:\/\/mandomedio.com\/colombia\/wp-content\/uploads\/2022\/04\/comunicacion-interna3-scaled-1.jpg","width":2560,"height":1707,"caption":"comunicaci\u00f3n-interna"},{"@type":"BreadcrumbList","@id":"https:\/\/mandomedio.com\/colombia\/blog\/la-importancia-de-la-comunicacion-interna-en-las-empresas\/#breadcrumb","itemListElement":[{"@type":"ListItem","position":1,"name":"Home","item":"https:\/\/mandomedio.com\/colombia\/"},{"@type":"ListItem","position":2,"name":"La importancia de la comunicaci\u00f3n interna en las empresas"}]},{"@type":"WebSite","@id":"https:\/\/mandomedio.com\/colombia\/#website","url":"https:\/\/mandomedio.com\/colombia\/","name":"Mandomedio.com","description":"","potentialAction":[{"@type":"SearchAction","target":{"@type":"EntryPoint","urlTemplate":"https:\/\/mandomedio.com\/colombia\/?s={search_term_string}"},"query-input":{"@type":"PropertyValueSpecification","valueRequired":true,"valueName":"search_term_string"}}],"inLanguage":"es"},{"@type":"Person","@id":"https:\/\/mandomedio.com\/colombia\/#\/schema\/person\/689c95c0f55de372d8310543497e27c9","name":"comunicaciones@mandomedio.com","sameAs":["https:\/\/new.mandomedio.com"],"url":"https:\/\/mandomedio.com\/colombia\/blog\/author\/comunicacionesmandomedio-com\/"}]}},"_links":{"self":[{"href":"https:\/\/mandomedio.com\/colombia\/wp-json\/wp\/v2\/posts\/7332","targetHints":{"allow":["GET"]}}],"collection":[{"href":"https:\/\/mandomedio.com\/colombia\/wp-json\/wp\/v2\/posts"}],"about":[{"href":"https:\/\/mandomedio.com\/colombia\/wp-json\/wp\/v2\/types\/post"}],"author":[{"embeddable":true,"href":"https:\/\/mandomedio.com\/colombia\/wp-json\/wp\/v2\/users\/1"}],"replies":[{"embeddable":true,"href":"https:\/\/mandomedio.com\/colombia\/wp-json\/wp\/v2\/comments?post=7332"}],"version-history":[{"count":0,"href":"https:\/\/mandomedio.com\/colombia\/wp-json\/wp\/v2\/posts\/7332\/revisions"}],"wp:featuredmedia":[{"embeddable":true,"href":"https:\/\/mandomedio.com\/colombia\/wp-json\/wp\/v2\/media\/7505"}],"wp:attachment":[{"href":"https:\/\/mandomedio.com\/colombia\/wp-json\/wp\/v2\/media?parent=7332"}],"wp:term":[{"taxonomy":"category","embeddable":true,"href":"https:\/\/mandomedio.com\/colombia\/wp-json\/wp\/v2\/categories?post=7332"},{"taxonomy":"post_tag","embeddable":true,"href":"https:\/\/mandomedio.com\/colombia\/wp-json\/wp\/v2\/tags?post=7332"}],"curies":[{"name":"wp","href":"https:\/\/api.w.org\/{rel}","templated":true}]}}