{"id":7023,"date":"2021-10-12T18:53:49","date_gmt":"2021-10-12T18:53:49","guid":{"rendered":"https:\/\/new.mandomedio.com\/colombia\/?p=7023"},"modified":"2021-10-12T18:53:49","modified_gmt":"2021-10-12T18:53:49","slug":"como-el-departamento-de-recursos-humanos-se-conecta-con-las-demas-areas","status":"publish","type":"post","link":"https:\/\/mandomedio.com\/colombia\/blog\/como-el-departamento-de-recursos-humanos-se-conecta-con-las-demas-areas\/","title":{"rendered":"\u00bfC\u00f3mo el Departamento de Recursos Humanos se conecta con las dem\u00e1s \u00e1reas?"},"content":{"rendered":"\t\t<div data-elementor-type=\"wp-post\" data-elementor-id=\"7023\" class=\"elementor elementor-7023\" data-elementor-post-type=\"post\">\n\t\t\t\t\t\t<section class=\"elementor-section elementor-top-section elementor-element elementor-element-e80cd5e elementor-section-boxed elementor-section-height-default elementor-section-height-default\" data-id=\"e80cd5e\" data-element_type=\"section\" data-e-type=\"section\">\n\t\t\t\t\t\t<div class=\"elementor-container elementor-column-gap-default\">\n\t\t\t\t\t<div class=\"elementor-column elementor-col-100 elementor-top-column elementor-element elementor-element-8805241\" data-id=\"8805241\" data-element_type=\"column\" data-e-type=\"column\">\n\t\t\t<div class=\"elementor-widget-wrap elementor-element-populated\">\n\t\t\t\t\t\t<div class=\"elementor-element elementor-element-ca34b24 elementor-widget elementor-widget-image\" data-id=\"ca34b24\" data-element_type=\"widget\" data-e-type=\"widget\" data-widget_type=\"image.default\">\n\t\t\t\t<div class=\"elementor-widget-container\">\n\t\t\t\t\t\t\t\t\t\t\t\t\t\t\t<img fetchpriority=\"high\" decoding=\"async\" width=\"800\" height=\"534\" src=\"https:\/\/mandomedio.com\/colombia\/wp-content\/uploads\/2021\/10\/recursos-humanos-mandomedio-colombia-copia-1.jpg\" class=\"attachment-large size-large wp-image-7024\" alt=\"Recursos Humanos - Mandomedio Colombia\" srcset=\"https:\/\/mandomedio.com\/colombia\/wp-content\/uploads\/2021\/10\/recursos-humanos-mandomedio-colombia-copia-1.jpg 1024w, https:\/\/mandomedio.com\/colombia\/wp-content\/uploads\/2021\/10\/recursos-humanos-mandomedio-colombia-copia-1-300x200.jpg 300w, https:\/\/mandomedio.com\/colombia\/wp-content\/uploads\/2021\/10\/recursos-humanos-mandomedio-colombia-copia-1-768x512.jpg 768w\" sizes=\"(max-width: 800px) 100vw, 800px\" \/>\t\t\t\t\t\t\t\t\t\t\t\t\t\t\t<\/div>\n\t\t\t\t<\/div>\n\t\t\t\t<div class=\"elementor-element elementor-element-896c076 elementor-mobile-align-center elementor-widget elementor-widget-post-info\" data-id=\"896c076\" data-element_type=\"widget\" data-e-type=\"widget\" data-widget_type=\"post-info.default\">\n\t\t\t\t<div class=\"elementor-widget-container\">\n\t\t\t\t\t\t\t<ul class=\"elementor-inline-items elementor-icon-list-items elementor-post-info\">\n\t\t\t\t\t\t\t\t<li class=\"elementor-icon-list-item elementor-repeater-item-147ed4b elementor-inline-item\" itemprop=\"datePublished\">\n\t\t\t\t\t\t\t\t\t\t<span class=\"elementor-icon-list-icon\">\n\t\t\t\t\t\t\t\t<svg aria-hidden=\"true\" class=\"e-font-icon-svg e-fas-calendar\" viewBox=\"0 0 448 512\" xmlns=\"http:\/\/www.w3.org\/2000\/svg\"><path d=\"M12 192h424c6.6 0 12 5.4 12 12v260c0 26.5-21.5 48-48 48H48c-26.5 0-48-21.5-48-48V204c0-6.6 5.4-12 12-12zm436-44v-36c0-26.5-21.5-48-48-48h-48V12c0-6.6-5.4-12-12-12h-40c-6.6 0-12 5.4-12 12v52H160V12c0-6.6-5.4-12-12-12h-40c-6.6 0-12 5.4-12 12v52H48C21.5 64 0 85.5 0 112v36c0 6.6 5.4 12 12 12h424c6.6 0 12-5.4 12-12z\"><\/path><\/svg>\t\t\t\t\t\t\t<\/span>\n\t\t\t\t\t\t\t\t\t<span class=\"elementor-icon-list-text elementor-post-info__item elementor-post-info__item--type-date\">\n\t\t\t\t\t\t\t\t\t\t<time>octubre 12, 2021<\/time>\t\t\t\t\t<\/span>\n\t\t\t\t\t\t\t\t<\/li>\n\t\t\t\t<\/ul>\n\t\t\t\t\t\t<\/div>\n\t\t\t\t<\/div>\n\t\t\t\t<div class=\"elementor-element elementor-element-02434bc elementor-widget elementor-widget-text-editor\" data-id=\"02434bc\" data-element_type=\"widget\" data-e-type=\"widget\" data-widget_type=\"text-editor.default\">\n\t\t\t\t<div class=\"elementor-widget-container\">\n\t\t\t\t\t\t\t\t\t<p><span style=\"font-weight: 400;\">El Departamento de Recursos Humanos es una parte esencial de cualquier organizaci\u00f3n, pues contribuye exponencialmente al <\/span><span style=\"color: #ff6600;\"><b>desarrollo y crecimiento de una empresa<\/b><span style=\"font-weight: 400;\">.<\/span><\/span><\/p><p><span style=\"font-weight: 400;\">Y, as\u00ed como hemos reiterado en diferentes ocasiones, <\/span><strong><span style=\"text-decoration: underline; color: #ff6600;\"><a style=\"color: #ff6600; text-decoration: underline;\" href=\"https:\/\/colombia.gladirincon.com\/blog\/importancia-de-la-induccion-de-personal-en-las-empresas\/\" target=\"_blank\" rel=\"noopener\">el capital humano es esencial<\/a><\/span><\/strong><span style=\"font-weight: 400;\"> para llevar a la cima a cualquier organizaci\u00f3n. Por lo mismo, el departamento de RR.HH. hace que todo funcione, ya que se encarga de <\/span><span style=\"color: #ff6600;\"><b>gestionar y administrar todo lo relacionado con los colaboradores<\/b><span style=\"font-weight: 400;\">.<\/span><\/span><\/p><p><span style=\"font-weight: 400;\">Algunas de sus funciones principales son el proceso de <\/span><span style=\"text-decoration: underline;\"><strong><span style=\"color: #ff6600; text-decoration: underline;\"><a style=\"color: #ff6600; text-decoration: underline;\" href=\"https:\/\/colombia.gladirincon.com\/busqueda-de-talento\/seleccion\/\" target=\"_blank\" rel=\"noopener\">reclutamiento y selecci\u00f3n<\/a><\/span><\/strong><\/span><span style=\"font-weight: 400;\"> de personal, elaborar n\u00f3minas, planificar vacaciones e incluso establecer objetivos estrat\u00e9gicos para la compa\u00f1\u00eda. Sin embargo, aporta en muchos aspectos m\u00e1s.<\/span><\/p><p><span style=\"font-weight: 400;\">Por otro lado, hay un factor que muchas personas desconocen y que refuerza a\u00fan m\u00e1s su gran relevancia: <\/span><span style=\"color: #ff6600;\"><b>conecta con m\u00e1s \u00e1reas<\/b><\/span><span style=\"font-weight: 400;\"><span style=\"color: #ff6600;\">.<\/span> Es por ello que a continuaci\u00f3n profundizaremos en c\u00f3mo lo hace y los beneficios de esto.<\/span><\/p><p>\u00a0<\/p><h2><strong>El Departamento de Recursos Humanos en otras \u00e1reas<\/strong><\/h2><p><span style=\"font-weight: 400;\">Cabe se\u00f1alar que las funciones de recursos humanos var\u00edan dependiendo de cada empresa. No obstante, <\/span><span style=\"color: #ff6600;\"><b>al ser la principal conexi\u00f3n con las personas y la organizaci\u00f3n empresarial, se termina relacionando \u201cindirectamente\u201d con las dem\u00e1s \u00e1reas.<\/b><\/span><\/p><p><span style=\"font-weight: 400;\">Para que se entienda m\u00e1s claramente esta conexi\u00f3n, vamos a ejemplificar con el \u00c1rea de Finanzas que, como bien sabemos, determina costos con los que el Departamento de Recursos Humanos puede llevar a cabo sus procesos y\/o <\/span><span style=\"color: #ff6600;\"><b>identificar oportunidades acordes al presupuesto<\/b><span style=\"font-weight: 400;\">.<\/span><\/span><\/p><p><span style=\"font-weight: 400;\">Tambi\u00e9n podemos poner de ejemplo al Departamento de Administraci\u00f3n, que muchas veces suele trabajar codo a codo en la gesti\u00f3n de recursos humanos.<\/span><\/p><p><span style=\"font-weight: 400;\">Entonces, considerando que el Departamento de Recursos Humanos tiene bajo su cargo <\/span><span style=\"color: #ff6600;\"><b>funciones y responsabilidades que fomentan el desarrollo de competencias y evaluaci\u00f3n del desempe\u00f1o<\/b><\/span><span style=\"font-weight: 400;\"> (as\u00ed como tambi\u00e9n que participa activamente en el proceso de reclutamiento), su conexi\u00f3n con otras \u00e1reas radica principalmente en que selecciona a las personas que forman parte de la empresa.<\/span><\/p><p><span style=\"font-weight: 400;\">Por lo mismo,<\/span><span style=\"color: #ff6600;\"><b> tiene que estar al tanto de lo que ocurre en cada una de las \u00e1reas<\/b><\/span><span style=\"font-weight: 400;\"> con el fin de identificar qu\u00e9 es lo que necesita para <\/span><span style=\"text-decoration: underline;\"><strong><span style=\"color: #ff6600; text-decoration: underline;\"><a style=\"color: #ff6600; text-decoration: underline;\" href=\"https:\/\/colombia.gladirincon.com\/encuesta-de-clima\/\" target=\"_blank\" rel=\"noopener\">mejorar el clima laboral<\/a><\/span><\/strong><\/span><span style=\"font-weight: 400;\"> y las relaciones laborales, por nombrar algunas.<\/span><\/p><p><span style=\"font-weight: 400;\">Adem\u00e1s, y como vela por el desarrollo del personal, no solo trae una compensaci\u00f3n y beneficios para la organizaci\u00f3n per se, sino que tambi\u00e9n para <\/span><span style=\"color: #ff6600;\"><b>crear un ambiente de mayor confianza, productividad y eficacia<\/b><span style=\"font-weight: 400;\">.<\/span><\/span><\/p><p><span style=\"font-weight: 400;\">En resumen: su papel es importante para para gestionar las funciones de las otras \u00e1reas a trav\u00e9s de las personas; lo que concluye en un mayor avance y competitividad para la compa\u00f1\u00eda.<\/span><\/p><p>\u00a0<\/p><h2><strong>Mejora tus procesos de recursos humanos con Mandomedio<\/strong><\/h2><p><span style=\"font-weight: 400;\">Gestionar correctamente las funciones del Departamento de Recursos Humanos es altamente ventajoso para cualquier empresa. Entre <\/span>algunos de sus <span style=\"color: #ff6600;\"><strong>principales beneficios encontramos:<\/strong><\/span><\/p><ul><li style=\"font-weight: 400;\" aria-level=\"1\"><span style=\"color: #ff6600;\"><b>Mejor toma de decisiones<\/b><\/span><span style=\"font-weight: 400;\"> y resoluci\u00f3n de problemas<\/span><\/li><li style=\"font-weight: 400;\" aria-level=\"1\"><span style=\"font-weight: 400;\">Colabora en la <\/span><span style=\"color: #ff6600;\"><b>formaci\u00f3n de los miembros del equipo<\/b><\/span><\/li><li style=\"font-weight: 400;\" aria-level=\"1\"><span style=\"color: #ff6600;\"><b>Aumenta la productividad<\/b><\/span><span style=\"font-weight: 400;\"> y calidad del trabajo<\/span><\/li><li style=\"font-weight: 400;\" aria-level=\"1\"><span style=\"font-weight: 400;\">Refuerza el nivel de <\/span><span style=\"color: #ff6600;\"><b>satisfacci\u00f3n<\/b><\/span><\/li><li style=\"font-weight: 400;\" aria-level=\"1\"><span style=\"font-weight: 400;\">Desarrolla en los colaboradores un<\/span><span style=\"color: #ff6600;\"><b> sentido de progreso<\/b><\/span><\/li><\/ul><p><span style=\"font-weight: 400;\">Sumado a todo lo ya mencionado, te dar\u00e1s cuenta de cu\u00e1n importante es tener siempre en consideraci\u00f3n a los recursos humanos.<\/span><\/p><p><span style=\"font-weight: 400;\">En <\/span><span style=\"text-decoration: underline;\"><span style=\"color: #ff6600; text-decoration: underline;\"><strong><a style=\"color: #ff6600; text-decoration: underline;\" href=\"https:\/\/colombia.gladirincon.com\/nuestra-empresa\/\" target=\"_blank\" rel=\"noopener\">Mandomedio<\/a><\/strong><\/span><\/span><span style=\"font-weight: 400;\"> somos conscientes de ello y, por lo mismo, desarrollamos servicios tanto para <\/span><span style=\"text-decoration: underline;\"><span style=\"color: #ff6600; text-decoration: underline;\"><strong><a style=\"color: #ff6600; text-decoration: underline;\" href=\"https:\/\/colombia.gladirincon.com\/empresas\/\" target=\"_blank\" rel=\"noopener\">empresas<\/a><\/strong><\/span><\/span><span style=\"font-weight: 400;\"> como para <\/span><span style=\"color: #ff6600;\"><strong><a style=\"color: #ff6600;\" href=\"https:\/\/colombia.gladirincon.com\/personas\/\" target=\"_blank\" rel=\"noopener\">personas<\/a><\/strong><\/span><span style=\"font-weight: 400;\"> y que contribuyan a mejorar su vida laboral. <\/span><span style=\"text-decoration: underline;\"><strong><span style=\"color: #ff6600; text-decoration: underline;\"><a style=\"color: #ff6600; text-decoration: underline;\" href=\"https:\/\/colombia.gladirincon.com\/contacto\/\" target=\"_blank\" rel=\"noopener\">Cont\u00e1ctanos<\/a><\/span><\/strong><\/span><span style=\"font-weight: 400;\"> frente a tus dudas o para mayor informaci\u00f3n sobre nuestros servicios, \u00a1responderemos a la brevedad!<\/span><\/p>\t\t\t\t\t\t\t\t<\/div>\n\t\t\t\t<\/div>\n\t\t\t\t<div class=\"elementor-element elementor-element-78d9d89 elementor-widget elementor-widget-text-editor\" data-id=\"78d9d89\" data-element_type=\"widget\" data-e-type=\"widget\" data-widget_type=\"text-editor.default\">\n\t\t\t\t<div class=\"elementor-widget-container\">\n\t\t\t\t\t\t\t\t\t<p style=\"text-align: center\"><span style=\"text-decoration: underline\"><a href=\"https:\/\/colombia.gladirincon.com\/blog\/\" target=\"_blank\" rel=\"noopener\"><strong><span style=\"color: #ff6600;text-decoration: underline\">\u00a1Conoce m\u00e1s notas que te podr\u00edan interesar en nuestro Blog haciendo<\/span><\/strong><strong><span style=\"color: #ff6600;text-decoration: underline\"> clic aqu\u00ed!<\/span><\/strong><\/a><\/span><\/p>\t\t\t\t\t\t\t\t<\/div>\n\t\t\t\t<\/div>\n\t\t\t\t<div class=\"elementor-element elementor-element-c38d4fa elementor-widget elementor-widget-text-editor\" data-id=\"c38d4fa\" data-element_type=\"widget\" data-e-type=\"widget\" data-widget_type=\"text-editor.default\">\n\t\t\t\t<div class=\"elementor-widget-container\">\n\t\t\t\t\t\t\t\t\t<p style=\"text-align: center\"><a href=\"https:\/\/colombia.gladirincon.com\/tips\/\" target=\"_blank\" rel=\"noopener\"><span style=\"text-decoration: underline\"><strong><span style=\"color: #ff6600;text-decoration: underline\">\u00a1Conoce tambi\u00e9n los principales Tips laborales haciendo<\/span><\/strong><strong><span style=\"color: #ff6600;text-decoration: underline\"> clic aqu\u00ed!<\/span><\/strong><\/span><\/a><\/p>\t\t\t\t\t\t\t\t<\/div>\n\t\t\t\t<\/div>\n\t\t\t\t\t<\/div>\n\t\t<\/div>\n\t\t\t\t\t<\/div>\n\t\t<\/section>\n\t\t\t\t<section class=\"elementor-section elementor-top-section elementor-element elementor-element-d98b89c elementor-section-boxed elementor-section-height-default elementor-section-height-default\" data-id=\"d98b89c\" data-element_type=\"section\" data-e-type=\"section\">\n\t\t\t\t\t\t<div class=\"elementor-container elementor-column-gap-default\">\n\t\t\t\t\t<div class=\"elementor-column elementor-col-100 elementor-top-column elementor-element elementor-element-84d49fa\" data-id=\"84d49fa\" data-element_type=\"column\" data-e-type=\"column\">\n\t\t\t<div class=\"elementor-widget-wrap elementor-element-populated\">\n\t\t\t\t\t\t<div class=\"elementor-element elementor-element-5c73ee0 elementor-widget elementor-widget-heading\" data-id=\"5c73ee0\" data-element_type=\"widget\" data-e-type=\"widget\" data-widget_type=\"heading.default\">\n\t\t\t\t<div class=\"elementor-widget-container\">\n\t\t\t\t\t<h2 class=\"elementor-heading-title elementor-size-default\">Post recientes<\/h2>\t\t\t\t<\/div>\n\t\t\t\t<\/div>\n\t\t\t\t\t<\/div>\n\t\t<\/div>\n\t\t\t\t\t<\/div>\n\t\t<\/section>\n\t\t\t\t<\/div>\n\t\t","protected":false},"excerpt":{"rendered":"<p>Las funciones de Recursos Humanos var\u00edan dependiendo de cada empresa y se termina relacionando \u201cindirectamente\u201d con las dem\u00e1s \u00e1reas. \u00a1conoce m\u00e1s!<\/p>\n","protected":false},"author":1,"featured_media":7024,"comment_status":"closed","ping_status":"open","sticky":true,"template":"","format":"standard","meta":{"footnotes":""},"categories":[6,7],"tags":[58,454,475,11,544],"class_list":["post-7023","post","type-post","status-publish","format-standard","has-post-thumbnail","hentry","category-articulos-blog","category-blog","tag-colaboradores","tag-comunicacion-interna","tag-mandomedio-colombia","tag-recursos-humanos","tag-trabajo-en-equipo"],"yoast_head":"<!-- This site is optimized with the Yoast SEO plugin v27.4 - https:\/\/yoast.com\/product\/yoast-seo-wordpress\/ -->\n<title>\u00bfC\u00f3mo el Departamento de Recursos Humanos se conecta con las dem\u00e1s \u00e1reas? - Mandomedio.com<\/title>\n<meta name=\"robots\" content=\"index, follow, max-snippet:-1, max-image-preview:large, max-video-preview:-1\" \/>\n<link rel=\"canonical\" href=\"https:\/\/mandomedio.com\/colombia\/blog\/como-el-departamento-de-recursos-humanos-se-conecta-con-las-demas-areas\/\" \/>\n<meta property=\"og:locale\" content=\"es_ES\" \/>\n<meta property=\"og:type\" content=\"article\" \/>\n<meta property=\"og:title\" content=\"\u00bfC\u00f3mo el Departamento de Recursos Humanos se conecta con las dem\u00e1s \u00e1reas? - Mandomedio.com\" \/>\n<meta property=\"og:description\" content=\"Las funciones de Recursos Humanos var\u00edan dependiendo de cada empresa y se termina relacionando \u201cindirectamente\u201d con las dem\u00e1s \u00e1reas. \u00a1conoce m\u00e1s!\" \/>\n<meta property=\"og:url\" content=\"https:\/\/mandomedio.com\/colombia\/blog\/como-el-departamento-de-recursos-humanos-se-conecta-con-las-demas-areas\/\" \/>\n<meta property=\"og:site_name\" content=\"Mandomedio.com\" \/>\n<meta property=\"article:published_time\" content=\"2021-10-12T18:53:49+00:00\" \/>\n<meta property=\"og:image\" content=\"https:\/\/new.mandomedio.com\/colombia\/wp-content\/uploads\/2021\/10\/recursos-humanos-mandomedio-colombia-copia.jpg\" \/>\n<meta name=\"author\" content=\"comunicaciones@mandomedio.com\" \/>\n<meta name=\"twitter:card\" content=\"summary_large_image\" \/>\n<meta name=\"twitter:label1\" content=\"Escrito por\" \/>\n\t<meta name=\"twitter:data1\" content=\"comunicaciones@mandomedio.com\" \/>\n\t<meta name=\"twitter:label2\" content=\"Tiempo de lectura\" \/>\n\t<meta name=\"twitter:data2\" content=\"3 minutos\" \/>\n<script type=\"application\/ld+json\" class=\"yoast-schema-graph\">{\"@context\":\"https:\\\/\\\/schema.org\",\"@graph\":[{\"@type\":\"Article\",\"@id\":\"https:\\\/\\\/mandomedio.com\\\/colombia\\\/blog\\\/como-el-departamento-de-recursos-humanos-se-conecta-con-las-demas-areas\\\/#article\",\"isPartOf\":{\"@id\":\"https:\\\/\\\/mandomedio.com\\\/colombia\\\/blog\\\/como-el-departamento-de-recursos-humanos-se-conecta-con-las-demas-areas\\\/\"},\"author\":{\"name\":\"comunicaciones@mandomedio.com\",\"@id\":\"https:\\\/\\\/mandomedio.com\\\/colombia\\\/#\\\/schema\\\/person\\\/689c95c0f55de372d8310543497e27c9\"},\"headline\":\"\u00bfC\u00f3mo el Departamento de Recursos Humanos se conecta con las dem\u00e1s \u00e1reas?\",\"datePublished\":\"2021-10-12T18:53:49+00:00\",\"mainEntityOfPage\":{\"@id\":\"https:\\\/\\\/mandomedio.com\\\/colombia\\\/blog\\\/como-el-departamento-de-recursos-humanos-se-conecta-con-las-demas-areas\\\/\"},\"wordCount\":621,\"image\":{\"@id\":\"https:\\\/\\\/mandomedio.com\\\/colombia\\\/blog\\\/como-el-departamento-de-recursos-humanos-se-conecta-con-las-demas-areas\\\/#primaryimage\"},\"thumbnailUrl\":\"https:\\\/\\\/mandomedio.com\\\/colombia\\\/wp-content\\\/uploads\\\/2021\\\/10\\\/recursos-humanos-mandomedio-colombia-copia-1.jpg\",\"keywords\":[\"colaboradores\",\"comunicaci\u00f3n interna\",\"mandomedio colombia\",\"recursos humanos\",\"Trabajo en equipo\"],\"articleSection\":[\"Art\u00edculos\",\"blog\"],\"inLanguage\":\"es\"},{\"@type\":\"WebPage\",\"@id\":\"https:\\\/\\\/mandomedio.com\\\/colombia\\\/blog\\\/como-el-departamento-de-recursos-humanos-se-conecta-con-las-demas-areas\\\/\",\"url\":\"https:\\\/\\\/mandomedio.com\\\/colombia\\\/blog\\\/como-el-departamento-de-recursos-humanos-se-conecta-con-las-demas-areas\\\/\",\"name\":\"\u00bfC\u00f3mo el Departamento de Recursos Humanos se conecta con las dem\u00e1s \u00e1reas? - Mandomedio.com\",\"isPartOf\":{\"@id\":\"https:\\\/\\\/mandomedio.com\\\/colombia\\\/#website\"},\"primaryImageOfPage\":{\"@id\":\"https:\\\/\\\/mandomedio.com\\\/colombia\\\/blog\\\/como-el-departamento-de-recursos-humanos-se-conecta-con-las-demas-areas\\\/#primaryimage\"},\"image\":{\"@id\":\"https:\\\/\\\/mandomedio.com\\\/colombia\\\/blog\\\/como-el-departamento-de-recursos-humanos-se-conecta-con-las-demas-areas\\\/#primaryimage\"},\"thumbnailUrl\":\"https:\\\/\\\/mandomedio.com\\\/colombia\\\/wp-content\\\/uploads\\\/2021\\\/10\\\/recursos-humanos-mandomedio-colombia-copia-1.jpg\",\"datePublished\":\"2021-10-12T18:53:49+00:00\",\"author\":{\"@id\":\"https:\\\/\\\/mandomedio.com\\\/colombia\\\/#\\\/schema\\\/person\\\/689c95c0f55de372d8310543497e27c9\"},\"breadcrumb\":{\"@id\":\"https:\\\/\\\/mandomedio.com\\\/colombia\\\/blog\\\/como-el-departamento-de-recursos-humanos-se-conecta-con-las-demas-areas\\\/#breadcrumb\"},\"inLanguage\":\"es\",\"potentialAction\":[{\"@type\":\"ReadAction\",\"target\":[\"https:\\\/\\\/mandomedio.com\\\/colombia\\\/blog\\\/como-el-departamento-de-recursos-humanos-se-conecta-con-las-demas-areas\\\/\"]}]},{\"@type\":\"ImageObject\",\"inLanguage\":\"es\",\"@id\":\"https:\\\/\\\/mandomedio.com\\\/colombia\\\/blog\\\/como-el-departamento-de-recursos-humanos-se-conecta-con-las-demas-areas\\\/#primaryimage\",\"url\":\"https:\\\/\\\/mandomedio.com\\\/colombia\\\/wp-content\\\/uploads\\\/2021\\\/10\\\/recursos-humanos-mandomedio-colombia-copia-1.jpg\",\"contentUrl\":\"https:\\\/\\\/mandomedio.com\\\/colombia\\\/wp-content\\\/uploads\\\/2021\\\/10\\\/recursos-humanos-mandomedio-colombia-copia-1.jpg\",\"width\":1024,\"height\":683,\"caption\":\"Recursos Humanos - Mandomedio Colombia\"},{\"@type\":\"BreadcrumbList\",\"@id\":\"https:\\\/\\\/mandomedio.com\\\/colombia\\\/blog\\\/como-el-departamento-de-recursos-humanos-se-conecta-con-las-demas-areas\\\/#breadcrumb\",\"itemListElement\":[{\"@type\":\"ListItem\",\"position\":1,\"name\":\"Home\",\"item\":\"https:\\\/\\\/mandomedio.com\\\/colombia\\\/\"},{\"@type\":\"ListItem\",\"position\":2,\"name\":\"\u00bfC\u00f3mo el Departamento de Recursos Humanos se conecta con las dem\u00e1s \u00e1reas?\"}]},{\"@type\":\"WebSite\",\"@id\":\"https:\\\/\\\/mandomedio.com\\\/colombia\\\/#website\",\"url\":\"https:\\\/\\\/mandomedio.com\\\/colombia\\\/\",\"name\":\"Mandomedio.com\",\"description\":\"\",\"potentialAction\":[{\"@type\":\"SearchAction\",\"target\":{\"@type\":\"EntryPoint\",\"urlTemplate\":\"https:\\\/\\\/mandomedio.com\\\/colombia\\\/?s={search_term_string}\"},\"query-input\":{\"@type\":\"PropertyValueSpecification\",\"valueRequired\":true,\"valueName\":\"search_term_string\"}}],\"inLanguage\":\"es\"},{\"@type\":\"Person\",\"@id\":\"https:\\\/\\\/mandomedio.com\\\/colombia\\\/#\\\/schema\\\/person\\\/689c95c0f55de372d8310543497e27c9\",\"name\":\"comunicaciones@mandomedio.com\",\"sameAs\":[\"https:\\\/\\\/new.mandomedio.com\"],\"url\":\"https:\\\/\\\/mandomedio.com\\\/colombia\\\/blog\\\/author\\\/comunicacionesmandomedio-com\\\/\"}]}<\/script>\n<!-- \/ Yoast SEO plugin. -->","yoast_head_json":{"title":"\u00bfC\u00f3mo el Departamento de Recursos Humanos se conecta con las dem\u00e1s \u00e1reas? - Mandomedio.com","robots":{"index":"index","follow":"follow","max-snippet":"max-snippet:-1","max-image-preview":"max-image-preview:large","max-video-preview":"max-video-preview:-1"},"canonical":"https:\/\/mandomedio.com\/colombia\/blog\/como-el-departamento-de-recursos-humanos-se-conecta-con-las-demas-areas\/","og_locale":"es_ES","og_type":"article","og_title":"\u00bfC\u00f3mo el Departamento de Recursos Humanos se conecta con las dem\u00e1s \u00e1reas? - Mandomedio.com","og_description":"Las funciones de Recursos Humanos var\u00edan dependiendo de cada empresa y se termina relacionando \u201cindirectamente\u201d con las dem\u00e1s \u00e1reas. \u00a1conoce m\u00e1s!","og_url":"https:\/\/mandomedio.com\/colombia\/blog\/como-el-departamento-de-recursos-humanos-se-conecta-con-las-demas-areas\/","og_site_name":"Mandomedio.com","article_published_time":"2021-10-12T18:53:49+00:00","og_image":[{"url":"https:\/\/new.mandomedio.com\/colombia\/wp-content\/uploads\/2021\/10\/recursos-humanos-mandomedio-colombia-copia.jpg","type":"","width":"","height":""}],"author":"comunicaciones@mandomedio.com","twitter_card":"summary_large_image","twitter_misc":{"Escrito por":"comunicaciones@mandomedio.com","Tiempo de lectura":"3 minutos"},"schema":{"@context":"https:\/\/schema.org","@graph":[{"@type":"Article","@id":"https:\/\/mandomedio.com\/colombia\/blog\/como-el-departamento-de-recursos-humanos-se-conecta-con-las-demas-areas\/#article","isPartOf":{"@id":"https:\/\/mandomedio.com\/colombia\/blog\/como-el-departamento-de-recursos-humanos-se-conecta-con-las-demas-areas\/"},"author":{"name":"comunicaciones@mandomedio.com","@id":"https:\/\/mandomedio.com\/colombia\/#\/schema\/person\/689c95c0f55de372d8310543497e27c9"},"headline":"\u00bfC\u00f3mo el Departamento de Recursos Humanos se conecta con las dem\u00e1s \u00e1reas?","datePublished":"2021-10-12T18:53:49+00:00","mainEntityOfPage":{"@id":"https:\/\/mandomedio.com\/colombia\/blog\/como-el-departamento-de-recursos-humanos-se-conecta-con-las-demas-areas\/"},"wordCount":621,"image":{"@id":"https:\/\/mandomedio.com\/colombia\/blog\/como-el-departamento-de-recursos-humanos-se-conecta-con-las-demas-areas\/#primaryimage"},"thumbnailUrl":"https:\/\/mandomedio.com\/colombia\/wp-content\/uploads\/2021\/10\/recursos-humanos-mandomedio-colombia-copia-1.jpg","keywords":["colaboradores","comunicaci\u00f3n interna","mandomedio colombia","recursos humanos","Trabajo en equipo"],"articleSection":["Art\u00edculos","blog"],"inLanguage":"es"},{"@type":"WebPage","@id":"https:\/\/mandomedio.com\/colombia\/blog\/como-el-departamento-de-recursos-humanos-se-conecta-con-las-demas-areas\/","url":"https:\/\/mandomedio.com\/colombia\/blog\/como-el-departamento-de-recursos-humanos-se-conecta-con-las-demas-areas\/","name":"\u00bfC\u00f3mo el Departamento de Recursos Humanos se conecta con las dem\u00e1s \u00e1reas? - Mandomedio.com","isPartOf":{"@id":"https:\/\/mandomedio.com\/colombia\/#website"},"primaryImageOfPage":{"@id":"https:\/\/mandomedio.com\/colombia\/blog\/como-el-departamento-de-recursos-humanos-se-conecta-con-las-demas-areas\/#primaryimage"},"image":{"@id":"https:\/\/mandomedio.com\/colombia\/blog\/como-el-departamento-de-recursos-humanos-se-conecta-con-las-demas-areas\/#primaryimage"},"thumbnailUrl":"https:\/\/mandomedio.com\/colombia\/wp-content\/uploads\/2021\/10\/recursos-humanos-mandomedio-colombia-copia-1.jpg","datePublished":"2021-10-12T18:53:49+00:00","author":{"@id":"https:\/\/mandomedio.com\/colombia\/#\/schema\/person\/689c95c0f55de372d8310543497e27c9"},"breadcrumb":{"@id":"https:\/\/mandomedio.com\/colombia\/blog\/como-el-departamento-de-recursos-humanos-se-conecta-con-las-demas-areas\/#breadcrumb"},"inLanguage":"es","potentialAction":[{"@type":"ReadAction","target":["https:\/\/mandomedio.com\/colombia\/blog\/como-el-departamento-de-recursos-humanos-se-conecta-con-las-demas-areas\/"]}]},{"@type":"ImageObject","inLanguage":"es","@id":"https:\/\/mandomedio.com\/colombia\/blog\/como-el-departamento-de-recursos-humanos-se-conecta-con-las-demas-areas\/#primaryimage","url":"https:\/\/mandomedio.com\/colombia\/wp-content\/uploads\/2021\/10\/recursos-humanos-mandomedio-colombia-copia-1.jpg","contentUrl":"https:\/\/mandomedio.com\/colombia\/wp-content\/uploads\/2021\/10\/recursos-humanos-mandomedio-colombia-copia-1.jpg","width":1024,"height":683,"caption":"Recursos Humanos - Mandomedio Colombia"},{"@type":"BreadcrumbList","@id":"https:\/\/mandomedio.com\/colombia\/blog\/como-el-departamento-de-recursos-humanos-se-conecta-con-las-demas-areas\/#breadcrumb","itemListElement":[{"@type":"ListItem","position":1,"name":"Home","item":"https:\/\/mandomedio.com\/colombia\/"},{"@type":"ListItem","position":2,"name":"\u00bfC\u00f3mo el Departamento de Recursos Humanos se conecta con las dem\u00e1s \u00e1reas?"}]},{"@type":"WebSite","@id":"https:\/\/mandomedio.com\/colombia\/#website","url":"https:\/\/mandomedio.com\/colombia\/","name":"Mandomedio.com","description":"","potentialAction":[{"@type":"SearchAction","target":{"@type":"EntryPoint","urlTemplate":"https:\/\/mandomedio.com\/colombia\/?s={search_term_string}"},"query-input":{"@type":"PropertyValueSpecification","valueRequired":true,"valueName":"search_term_string"}}],"inLanguage":"es"},{"@type":"Person","@id":"https:\/\/mandomedio.com\/colombia\/#\/schema\/person\/689c95c0f55de372d8310543497e27c9","name":"comunicaciones@mandomedio.com","sameAs":["https:\/\/new.mandomedio.com"],"url":"https:\/\/mandomedio.com\/colombia\/blog\/author\/comunicacionesmandomedio-com\/"}]}},"_links":{"self":[{"href":"https:\/\/mandomedio.com\/colombia\/wp-json\/wp\/v2\/posts\/7023","targetHints":{"allow":["GET"]}}],"collection":[{"href":"https:\/\/mandomedio.com\/colombia\/wp-json\/wp\/v2\/posts"}],"about":[{"href":"https:\/\/mandomedio.com\/colombia\/wp-json\/wp\/v2\/types\/post"}],"author":[{"embeddable":true,"href":"https:\/\/mandomedio.com\/colombia\/wp-json\/wp\/v2\/users\/1"}],"replies":[{"embeddable":true,"href":"https:\/\/mandomedio.com\/colombia\/wp-json\/wp\/v2\/comments?post=7023"}],"version-history":[{"count":0,"href":"https:\/\/mandomedio.com\/colombia\/wp-json\/wp\/v2\/posts\/7023\/revisions"}],"wp:featuredmedia":[{"embeddable":true,"href":"https:\/\/mandomedio.com\/colombia\/wp-json\/wp\/v2\/media\/7024"}],"wp:attachment":[{"href":"https:\/\/mandomedio.com\/colombia\/wp-json\/wp\/v2\/media?parent=7023"}],"wp:term":[{"taxonomy":"category","embeddable":true,"href":"https:\/\/mandomedio.com\/colombia\/wp-json\/wp\/v2\/categories?post=7023"},{"taxonomy":"post_tag","embeddable":true,"href":"https:\/\/mandomedio.com\/colombia\/wp-json\/wp\/v2\/tags?post=7023"}],"curies":[{"name":"wp","href":"https:\/\/api.w.org\/{rel}","templated":true}]}}