{"id":6402,"date":"2021-03-24T18:34:51","date_gmt":"2021-03-24T18:34:51","guid":{"rendered":"https:\/\/new.mandomedio.com\/colombia\/?p=6402"},"modified":"2021-03-24T18:34:51","modified_gmt":"2021-03-24T18:34:51","slug":"pantallas-digitales-para-una-mejor-comunicacion-corporativa","status":"publish","type":"post","link":"https:\/\/mandomedio.com\/colombia\/blog\/pantallas-digitales-para-una-mejor-comunicacion-corporativa\/","title":{"rendered":"Pantallas Digitales para una mejor comunicaci\u00f3n corporativa"},"content":{"rendered":"\t\t<div data-elementor-type=\"wp-post\" data-elementor-id=\"6402\" class=\"elementor elementor-6402\" data-elementor-post-type=\"post\">\n\t\t\t\t\t\t<section class=\"elementor-section elementor-top-section elementor-element elementor-element-e80cd5e elementor-section-boxed elementor-section-height-default elementor-section-height-default\" data-id=\"e80cd5e\" data-element_type=\"section\" data-e-type=\"section\">\n\t\t\t\t\t\t<div class=\"elementor-container elementor-column-gap-default\">\n\t\t\t\t\t<div class=\"elementor-column elementor-col-100 elementor-top-column elementor-element elementor-element-8805241\" data-id=\"8805241\" data-element_type=\"column\" data-e-type=\"column\">\n\t\t\t<div class=\"elementor-widget-wrap elementor-element-populated\">\n\t\t\t\t\t\t<div class=\"elementor-element elementor-element-ca34b24 elementor-widget elementor-widget-image\" data-id=\"ca34b24\" data-element_type=\"widget\" data-e-type=\"widget\" data-widget_type=\"image.default\">\n\t\t\t\t<div class=\"elementor-widget-container\">\n\t\t\t\t\t\t\t\t\t\t\t\t\t\t\t<img fetchpriority=\"high\" decoding=\"async\" width=\"800\" height=\"534\" src=\"https:\/\/mandomedio.com\/colombia\/wp-content\/uploads\/2021\/03\/pantallas-digitales-mandomedio-2.jpg\" class=\"attachment-large size-large wp-image-6403\" alt=\"pantallas digitales Mandomedio\" srcset=\"https:\/\/mandomedio.com\/colombia\/wp-content\/uploads\/2021\/03\/pantallas-digitales-mandomedio-2.jpg 1024w, https:\/\/mandomedio.com\/colombia\/wp-content\/uploads\/2021\/03\/pantallas-digitales-mandomedio-2-300x200.jpg 300w, https:\/\/mandomedio.com\/colombia\/wp-content\/uploads\/2021\/03\/pantallas-digitales-mandomedio-2-768x512.jpg 768w\" sizes=\"(max-width: 800px) 100vw, 800px\" \/>\t\t\t\t\t\t\t\t\t\t\t\t\t\t\t<\/div>\n\t\t\t\t<\/div>\n\t\t\t\t<div class=\"elementor-element elementor-element-896c076 elementor-mobile-align-center elementor-widget elementor-widget-post-info\" data-id=\"896c076\" data-element_type=\"widget\" data-e-type=\"widget\" data-widget_type=\"post-info.default\">\n\t\t\t\t<div class=\"elementor-widget-container\">\n\t\t\t\t\t\t\t<ul class=\"elementor-inline-items elementor-icon-list-items elementor-post-info\">\n\t\t\t\t\t\t\t\t<li class=\"elementor-icon-list-item elementor-repeater-item-147ed4b elementor-inline-item\" itemprop=\"datePublished\">\n\t\t\t\t\t\t\t\t\t\t<span class=\"elementor-icon-list-icon\">\n\t\t\t\t\t\t\t\t\t\t\t\t\t\t<i class=\"fa fa-calendar\" aria-hidden=\"true\"><\/i>\n\t\t\t\t\t\t\t\t\t\t\t\t<\/span>\n\t\t\t\t\t\t\t\t\t<span class=\"elementor-icon-list-text elementor-post-info__item elementor-post-info__item--type-date\">\n\t\t\t\t\t\t\t\t\t\t<time>marzo 24, 2021<\/time>\t\t\t\t\t<\/span>\n\t\t\t\t\t\t\t\t<\/li>\n\t\t\t\t<\/ul>\n\t\t\t\t\t\t<\/div>\n\t\t\t\t<\/div>\n\t\t\t\t<div class=\"elementor-element elementor-element-02434bc elementor-widget elementor-widget-text-editor\" data-id=\"02434bc\" data-element_type=\"widget\" data-e-type=\"widget\" data-widget_type=\"text-editor.default\">\n\t\t\t\t<div class=\"elementor-widget-container\">\n\t\t\t\t\t\t\t\t\t<p>La transformaci\u00f3n digital ha ido aceler\u00e1ndose considerablemente en los \u00faltimos a\u00f1os. Debido a ello, las empresas han tenido que adaptarse digitalmente, para no quedarse atr\u00e1s en t\u00e9rminos de<strong><span style=\"color: #ff6600;\"> evoluci\u00f3n empresarial<\/span><\/strong>.\u00a0<\/p><p>La<span style=\"color: #ff6600;\"><a style=\"color: #ff6600;\" href=\"https:\/\/colombia.gladirincon.com\/articulos\/que-es-la-comunicacion-organizacional-dentro-de-una-empresa\/\"><b> comunicaci\u00f3n corporativa<\/b><\/a> <\/span>no ha sido la excepci\u00f3n. Este eslab\u00f3n tan vital para las empresas, tambi\u00e9n ha digitalizado sus procesos y estrategias.\u00a0<\/p><p>En Mandomedio conocemos la importancia de fortalecer la comunicaci\u00f3n organizacional de las empresas. Es por esto que hoy te comentamos c\u00f3mo la tecnolog\u00eda de las<span style=\"color: #ff6600;\"><a style=\"color: #ff6600;\" href=\"https:\/\/www.vixonic.com\/mural-digital\/\"><b> pantallas digitales<\/b><\/a> <\/span>puede otorgar una mejor comunicaci\u00f3n corporativa a tu compa\u00f1\u00eda.<\/p><p>\u00a0<\/p><h2><span style=\"font-weight: 400;\">\u00bfQu\u00e9 funciones cumplen las pantallas digitales?<\/span><\/h2><p><span style=\"font-weight: 400;\">\u00a0<\/span><\/p><p>Las pantallas digitales, tambi\u00e9n conocidas como murales digitales o carteler\u00eda digital, son pantallas con software incorporados, que permiten mantener visible una serie de datos a los colaboradores.<\/p><p>Su objetivo<strong><span style=\"color: #ff6600;\"> es potenciar la comunicaci\u00f3n interna<\/span><\/strong> de la empresa. Adem\u00e1s, pueden ser configuradas para mantenerse din\u00e1micas y actualizables, para as\u00ed lograr una mejor interacci\u00f3n con los colaboradores.<\/p><p>La informaci\u00f3n visible responder\u00e1 a las necesidades y\/o objetivos que tenga la empresa, en torno a las<span style=\"color: #ff6600;\"><a style=\"color: #ff6600;\" href=\"https:\/\/www.vixonic.com\/3-estrategias-de-comunicacion-interna-para-fortalecer-el-desarrollo-organizacional-de-tu-empresa\/\"><b> estrategias comunicacionales <\/b><\/a><\/span>que tenga.\u00a0<\/p><p>Se puede disponer m\u00e1s de una pantalla en la compa\u00f1\u00eda. Si son colocadas estrat\u00e9gicamente, permitir\u00e1n que la informaci\u00f3n llegue a todas las \u00e1reas de la empresa y a todos los colaboradores. Asimismo, puedes elegir entre distintos tama\u00f1os de pantallas, haciendo que su introducci\u00f3n en los espacios de trabajo, no sea tan invasiva o que quede fuera de lugar.<\/p><p>En t\u00e9rminos generales, las pantallas <strong><span style=\"color: #ff6600;\">permiten compartir informaci\u00f3n en tiempo real<\/span><\/strong>, a los distintos trabajadores de una compa\u00f1\u00eda. Son un buen reemplazo para los diarios murales tradicionales.<\/p><p>\u00a0<\/p><h2 style=\"text-align: left;\"><span style=\"font-weight: 400;\">\u00bfQu\u00e9 tipo de informaci\u00f3n puede ser compartida en la carteler\u00eda digital?<\/span><\/h2><p>La informaci\u00f3n a mostrar puede ser variada, dependiendo de las estrategias comunicacionales que tengas. A continuaci\u00f3n presentamos algunos ejemplos:<\/p><p>\u00a0<\/p><ul><li aria-level=\"1\"><b>Cumplea\u00f1os del personal de trabajo:<\/b> Esto permitir\u00e1 un mejor clima laboral en la empresa.<\/li><\/ul><p>\u00a0<\/p><ul><li aria-level=\"1\"><b>Logros empresariales:<\/b> Mantendr\u00e1 al equipo de trabajo actualizado sobre el estado de la compa\u00f1\u00eda, adem\u00e1s de incrementar su motivaci\u00f3n.<\/li><\/ul><p>\u00a0<\/p><ul><li aria-level=\"1\"><b>Noticias: <\/b>Tambi\u00e9n otorgar\u00e1 a los miembros mayor conocimiento sobre el estado del negocio o del rubro empresarial.<\/li><\/ul><p>\u00a0<\/p><ul><li aria-level=\"1\"><b>Redes sociales:<\/b> Con esto se podr\u00e1 establecer un mejor nexo entre las redes sociales y la compa\u00f1\u00eda, manteniendo actualizados e interesados a los colaboradores.<\/li><\/ul><p>\u00a0<\/p><ul><li aria-level=\"1\"><b>D\u00edas sin accidentes laborales: <\/b>Este dato aportar\u00e1 en mantener un clima laboral positivo de la empresa, dado que los colaboradores estar\u00e1n informados sobre qu\u00e9 tan seguro es su espacio laboral.<\/li><\/ul><p>\u00a0<\/p><ul><li aria-level=\"1\"><b>Archivos multimedias:<\/b> Ya sean v\u00eddeos o im\u00e1genes, esto contribuir\u00e1 en el dinamismo de la entrega de informaci\u00f3n.<\/li><\/ul><p>\u00a0<\/p><ul><li><b>Indicadores KPI: <\/b>Ya sea a modo de gr\u00e1ficos o porcentajes, este dato tambi\u00e9n permitir\u00e1 que los colaboradores puedan tener conocimiento sobre el cumplimiento de objetivos y metas de la compa\u00f1\u00eda.<\/li><\/ul><p>\u00a0<\/p><h2 style=\"text-align: left;\"><span style=\"font-weight: 400;\">\u00bfQu\u00e9 beneficios entregan los murales digitales?<\/span><\/h2><ul><li aria-level=\"1\"><b>Opci\u00f3n sustentable:<\/b> El sistema de las pantallas digitales est\u00e1 dise\u00f1ado para contener grandes proporciones de informaci\u00f3n, de modo que esta sea seccionada de acuerdo a los intereses de la empresa. De esta forma, se impone como una alternativa ecol\u00f3gica. Esto debido a que la enorme cantidad de papel que ser\u00eda destinado a la publicaci\u00f3n de informaci\u00f3n en un diario mural tradicional, ya no ser\u00eda necesaria ahora.<\/li><\/ul><p>\u00a0<\/p><ul><li aria-level=\"1\"><b>Mayor captaci\u00f3n de atenci\u00f3n:<\/b> Lo din\u00e1mico logra captar mejor la atenci\u00f3n de las personas. Como los murales digitales se caracterizan principalmente por ser din\u00e1micos, lograr\u00edan atrapar la atenci\u00f3n de los colaboradores de mejor manera y por m\u00e1s tiempo.<\/li><\/ul><p>\u00a0<\/p><ul><li aria-level=\"1\"><b>F\u00e1ciles de usar: <\/b>El sistema de la carteler\u00eda digital est\u00e1 dise\u00f1ado para ser f\u00e1cilmente manipulable por cualquier persona. Esto quiere decir, que no es necesario contar con conocimientos muy especializados en cuanto a inform\u00e1tica o \u00e1reas afines.<\/li><\/ul><p>\u00a0<\/p><ul><li aria-level=\"1\"><b>Actualizables:<\/b> Se pueden programar para que la informaci\u00f3n sea actualizada en determinados intervalos de tiempo. Esto provoca que la comunicaci\u00f3n sea fluida.<\/li><\/ul><p>\u00a0<\/p><ul><li><b>Pueden ser colocadas en cualquier sitio: <\/b>Las pantallas digitales pueden ser puestas en pasillos, paredes, oficinas, recepciones, entre otros lugares. Y, conforme a su tama\u00f1o, pueden ser colocadas a diferentes alturas o niveles.<\/li><\/ul><p>\u00a0<\/p><h2 style=\"text-align: left;\"><span style=\"font-weight: 400;\">Digitaliza tu comunicaci\u00f3n corporativa con Mandomedio y Vixonic<\/span><\/h2><p>Es necesario digitalizar los diferentes procesos de nuestra compa\u00f1\u00eda. Si necesitas apoyarte en alguna empresa para unirte a la transformaci\u00f3n digital, <a href=\"https:\/\/www.vixonic.com\/\"><b><span style=\"color: #ff6600;\">Vixonic<\/span> <\/b><\/a>es una excelente opci\u00f3n para ti.<\/p><p>Vixonic es una empresa partner de Mandomedio, enfocada a entregar soluciones digitales en torno a la comunicaci\u00f3n interna de las compa\u00f1\u00edas. Puedes ver sus diferentes proyectos<span style=\"color: #ff6600;\"> <a style=\"color: #ff6600;\" href=\"https:\/\/www.vixonic.com\/proyectos\/\"><b>aqu\u00ed <\/b><\/a><\/span>y sus productos <a href=\"https:\/\/www.vixonic.com\/productos\/\"><b><span style=\"color: #ff6600;\">aqu\u00ed<\/span><\/b><\/a><span style=\"color: #ff6600;\">.<\/span><\/p><p>Si necesitas ayuda en cuanto a estrategias de comunicaci\u00f3n para tu empresa, en Mandomedio podemos ayudarte. Tambi\u00e9n ofrecemos <a href=\"https:\/\/colombia.gladirincon.com\/transicion-de-carrera\/coaching\/\"><b><span style=\"color: #ff6600;\">capacitaciones<\/span><\/b><\/a> y evaluamos el <a href=\"https:\/\/kandiolatam.com\/\"><b><span style=\"color: #ff6600;\">conocimiento t\u00e9cnico<\/span><\/b><\/a> de tus colaboradores. <span style=\"color: #ff6600;\"><a style=\"color: #ff6600;\" href=\"https:\/\/colombia.gladirincon.com\/contacto\/\"><b>\u00a0\u00a1Cont\u00e1ctanos aqu\u00ed!<\/b><\/a><b>\u00a0<\/b><\/span><\/p><p>\u00a1Transformemos juntos la comunicaci\u00f3n corporativa de tu empresa!<\/p><p>\u00a0<\/p>\t\t\t\t\t\t\t\t<\/div>\n\t\t\t\t<\/div>\n\t\t\t\t<div class=\"elementor-element elementor-element-78d9d89 elementor-widget elementor-widget-text-editor\" data-id=\"78d9d89\" data-element_type=\"widget\" data-e-type=\"widget\" data-widget_type=\"text-editor.default\">\n\t\t\t\t<div class=\"elementor-widget-container\">\n\t\t\t\t\t\t\t\t\t<p style=\"text-align: center\"><span style=\"text-decoration: underline\"><a href=\"https:\/\/colombia.gladirincon.com\/blog\/\" target=\"_blank\" rel=\"noopener\"><strong><span style=\"color: #ff6600;text-decoration: underline\">\u00a1Conoce m\u00e1s notas que te podr\u00edan interesar en nuestro Blog haciendo<\/span><\/strong><strong><span style=\"color: #ff6600;text-decoration: underline\"> clic aqu\u00ed!<\/span><\/strong><\/a><\/span><\/p>\t\t\t\t\t\t\t\t<\/div>\n\t\t\t\t<\/div>\n\t\t\t\t<div class=\"elementor-element elementor-element-c38d4fa elementor-widget elementor-widget-text-editor\" data-id=\"c38d4fa\" data-element_type=\"widget\" data-e-type=\"widget\" data-widget_type=\"text-editor.default\">\n\t\t\t\t<div class=\"elementor-widget-container\">\n\t\t\t\t\t\t\t\t\t<p style=\"text-align: center\"><a href=\"https:\/\/colombia.gladirincon.com\/tips\/\" target=\"_blank\" rel=\"noopener\"><span style=\"text-decoration: underline\"><strong><span style=\"color: #ff6600;text-decoration: underline\">\u00a1Conoce tambi\u00e9n los principales Tips laborales haciendo<\/span><\/strong><strong><span style=\"color: #ff6600;text-decoration: underline\"> clic aqu\u00ed!<\/span><\/strong><\/span><\/a><\/p>\t\t\t\t\t\t\t\t<\/div>\n\t\t\t\t<\/div>\n\t\t\t\t\t<\/div>\n\t\t<\/div>\n\t\t\t\t\t<\/div>\n\t\t<\/section>\n\t\t\t\t<section class=\"elementor-section elementor-top-section elementor-element elementor-element-d98b89c elementor-section-boxed elementor-section-height-default elementor-section-height-default\" data-id=\"d98b89c\" data-element_type=\"section\" data-e-type=\"section\">\n\t\t\t\t\t\t<div class=\"elementor-container elementor-column-gap-default\">\n\t\t\t\t\t<div class=\"elementor-column elementor-col-100 elementor-top-column elementor-element elementor-element-84d49fa\" data-id=\"84d49fa\" data-element_type=\"column\" data-e-type=\"column\">\n\t\t\t<div class=\"elementor-widget-wrap elementor-element-populated\">\n\t\t\t\t\t\t<div class=\"elementor-element elementor-element-5c73ee0 elementor-widget elementor-widget-heading\" data-id=\"5c73ee0\" data-element_type=\"widget\" data-e-type=\"widget\" data-widget_type=\"heading.default\">\n\t\t\t\t<div class=\"elementor-widget-container\">\n\t\t\t\t\t<h2 class=\"elementor-heading-title elementor-size-default\">Post recientes<\/h2>\t\t\t\t<\/div>\n\t\t\t\t<\/div>\n\t\t\t\t\t<\/div>\n\t\t<\/div>\n\t\t\t\t\t<\/div>\n\t\t<\/section>\n\t\t\t\t<\/div>\n\t\t","protected":false},"excerpt":{"rendered":"<p>Una soluci\u00f3n digital que podemos entregar a la comunicaci\u00f3n corporativa, se sit\u00faa en el uso de pantallas digitales para informar. Conoce m\u00e1s aqu\u00ed.<\/p>\n","protected":false},"author":1,"featured_media":6403,"comment_status":"closed","ping_status":"open","sticky":false,"template":"","format":"standard","meta":{"footnotes":""},"categories":[7,26],"tags":[454,142,39,82,547],"class_list":["post-6402","post","type-post","status-publish","format-standard","has-post-thumbnail","hentry","category-blog","category-noticias-blog","tag-comunicacion-interna","tag-head-hunters","tag-organizacional","tag-organizaciones","tag-personal"],"yoast_head":"<!-- This site is optimized with the Yoast SEO plugin v27.4 - https:\/\/yoast.com\/product\/yoast-seo-wordpress\/ -->\n<title>Pantallas Digitales para una mejor comunicaci\u00f3n corporativa - Mandomedio.com<\/title>\n<meta name=\"robots\" content=\"index, follow, max-snippet:-1, max-image-preview:large, max-video-preview:-1\" \/>\n<link rel=\"canonical\" href=\"https:\/\/mandomedio.com\/colombia\/blog\/pantallas-digitales-para-una-mejor-comunicacion-corporativa\/\" \/>\n<meta property=\"og:locale\" content=\"es_ES\" \/>\n<meta property=\"og:type\" content=\"article\" \/>\n<meta property=\"og:title\" content=\"Pantallas Digitales para una mejor comunicaci\u00f3n corporativa - Mandomedio.com\" \/>\n<meta property=\"og:description\" content=\"Una soluci\u00f3n digital que podemos entregar a la comunicaci\u00f3n corporativa, se sit\u00faa en el uso de pantallas digitales para informar. Conoce m\u00e1s aqu\u00ed.\" \/>\n<meta property=\"og:url\" content=\"https:\/\/mandomedio.com\/colombia\/blog\/pantallas-digitales-para-una-mejor-comunicacion-corporativa\/\" \/>\n<meta property=\"og:site_name\" content=\"Mandomedio.com\" \/>\n<meta property=\"article:published_time\" content=\"2021-03-24T18:34:51+00:00\" \/>\n<meta property=\"og:image\" content=\"https:\/\/new.mandomedio.com\/colombia\/wp-content\/uploads\/2021\/03\/pantallas-digitales-mandomedio.jpg\" \/>\n<meta name=\"author\" content=\"comunicaciones@mandomedio.com\" \/>\n<meta name=\"twitter:card\" content=\"summary_large_image\" \/>\n<meta name=\"twitter:label1\" content=\"Escrito por\" \/>\n\t<meta name=\"twitter:data1\" content=\"comunicaciones@mandomedio.com\" \/>\n\t<meta name=\"twitter:label2\" content=\"Tiempo de lectura\" \/>\n\t<meta name=\"twitter:data2\" content=\"4 minutos\" \/>\n<script type=\"application\/ld+json\" class=\"yoast-schema-graph\">{\"@context\":\"https:\\\/\\\/schema.org\",\"@graph\":[{\"@type\":\"Article\",\"@id\":\"https:\\\/\\\/mandomedio.com\\\/colombia\\\/blog\\\/pantallas-digitales-para-una-mejor-comunicacion-corporativa\\\/#article\",\"isPartOf\":{\"@id\":\"https:\\\/\\\/mandomedio.com\\\/colombia\\\/blog\\\/pantallas-digitales-para-una-mejor-comunicacion-corporativa\\\/\"},\"author\":{\"name\":\"comunicaciones@mandomedio.com\",\"@id\":\"https:\\\/\\\/mandomedio.com\\\/colombia\\\/#\\\/schema\\\/person\\\/689c95c0f55de372d8310543497e27c9\"},\"headline\":\"Pantallas Digitales para una mejor comunicaci\u00f3n corporativa\",\"datePublished\":\"2021-03-24T18:34:51+00:00\",\"mainEntityOfPage\":{\"@id\":\"https:\\\/\\\/mandomedio.com\\\/colombia\\\/blog\\\/pantallas-digitales-para-una-mejor-comunicacion-corporativa\\\/\"},\"wordCount\":868,\"image\":{\"@id\":\"https:\\\/\\\/mandomedio.com\\\/colombia\\\/blog\\\/pantallas-digitales-para-una-mejor-comunicacion-corporativa\\\/#primaryimage\"},\"thumbnailUrl\":\"https:\\\/\\\/mandomedio.com\\\/colombia\\\/wp-content\\\/uploads\\\/2021\\\/03\\\/pantallas-digitales-mandomedio-2.jpg\",\"keywords\":[\"comunicaci\u00f3n interna\",\"head hunters\",\"organizacional\",\"organizaciones\",\"Personal\"],\"articleSection\":[\"blog\",\"Noticias\"],\"inLanguage\":\"es\"},{\"@type\":\"WebPage\",\"@id\":\"https:\\\/\\\/mandomedio.com\\\/colombia\\\/blog\\\/pantallas-digitales-para-una-mejor-comunicacion-corporativa\\\/\",\"url\":\"https:\\\/\\\/mandomedio.com\\\/colombia\\\/blog\\\/pantallas-digitales-para-una-mejor-comunicacion-corporativa\\\/\",\"name\":\"Pantallas Digitales para una mejor comunicaci\u00f3n corporativa - Mandomedio.com\",\"isPartOf\":{\"@id\":\"https:\\\/\\\/mandomedio.com\\\/colombia\\\/#website\"},\"primaryImageOfPage\":{\"@id\":\"https:\\\/\\\/mandomedio.com\\\/colombia\\\/blog\\\/pantallas-digitales-para-una-mejor-comunicacion-corporativa\\\/#primaryimage\"},\"image\":{\"@id\":\"https:\\\/\\\/mandomedio.com\\\/colombia\\\/blog\\\/pantallas-digitales-para-una-mejor-comunicacion-corporativa\\\/#primaryimage\"},\"thumbnailUrl\":\"https:\\\/\\\/mandomedio.com\\\/colombia\\\/wp-content\\\/uploads\\\/2021\\\/03\\\/pantallas-digitales-mandomedio-2.jpg\",\"datePublished\":\"2021-03-24T18:34:51+00:00\",\"author\":{\"@id\":\"https:\\\/\\\/mandomedio.com\\\/colombia\\\/#\\\/schema\\\/person\\\/689c95c0f55de372d8310543497e27c9\"},\"breadcrumb\":{\"@id\":\"https:\\\/\\\/mandomedio.com\\\/colombia\\\/blog\\\/pantallas-digitales-para-una-mejor-comunicacion-corporativa\\\/#breadcrumb\"},\"inLanguage\":\"es\",\"potentialAction\":[{\"@type\":\"ReadAction\",\"target\":[\"https:\\\/\\\/mandomedio.com\\\/colombia\\\/blog\\\/pantallas-digitales-para-una-mejor-comunicacion-corporativa\\\/\"]}]},{\"@type\":\"ImageObject\",\"inLanguage\":\"es\",\"@id\":\"https:\\\/\\\/mandomedio.com\\\/colombia\\\/blog\\\/pantallas-digitales-para-una-mejor-comunicacion-corporativa\\\/#primaryimage\",\"url\":\"https:\\\/\\\/mandomedio.com\\\/colombia\\\/wp-content\\\/uploads\\\/2021\\\/03\\\/pantallas-digitales-mandomedio-2.jpg\",\"contentUrl\":\"https:\\\/\\\/mandomedio.com\\\/colombia\\\/wp-content\\\/uploads\\\/2021\\\/03\\\/pantallas-digitales-mandomedio-2.jpg\",\"width\":1024,\"height\":683,\"caption\":\"pantallas digitales Mandomedio\"},{\"@type\":\"BreadcrumbList\",\"@id\":\"https:\\\/\\\/mandomedio.com\\\/colombia\\\/blog\\\/pantallas-digitales-para-una-mejor-comunicacion-corporativa\\\/#breadcrumb\",\"itemListElement\":[{\"@type\":\"ListItem\",\"position\":1,\"name\":\"Home\",\"item\":\"https:\\\/\\\/mandomedio.com\\\/colombia\\\/\"},{\"@type\":\"ListItem\",\"position\":2,\"name\":\"Pantallas Digitales para una mejor comunicaci\u00f3n corporativa\"}]},{\"@type\":\"WebSite\",\"@id\":\"https:\\\/\\\/mandomedio.com\\\/colombia\\\/#website\",\"url\":\"https:\\\/\\\/mandomedio.com\\\/colombia\\\/\",\"name\":\"Mandomedio.com\",\"description\":\"\",\"potentialAction\":[{\"@type\":\"SearchAction\",\"target\":{\"@type\":\"EntryPoint\",\"urlTemplate\":\"https:\\\/\\\/mandomedio.com\\\/colombia\\\/?s={search_term_string}\"},\"query-input\":{\"@type\":\"PropertyValueSpecification\",\"valueRequired\":true,\"valueName\":\"search_term_string\"}}],\"inLanguage\":\"es\"},{\"@type\":\"Person\",\"@id\":\"https:\\\/\\\/mandomedio.com\\\/colombia\\\/#\\\/schema\\\/person\\\/689c95c0f55de372d8310543497e27c9\",\"name\":\"comunicaciones@mandomedio.com\",\"sameAs\":[\"https:\\\/\\\/new.mandomedio.com\"],\"url\":\"https:\\\/\\\/mandomedio.com\\\/colombia\\\/blog\\\/author\\\/comunicacionesmandomedio-com\\\/\"}]}<\/script>\n<!-- \/ Yoast SEO plugin. -->","yoast_head_json":{"title":"Pantallas Digitales para una mejor comunicaci\u00f3n corporativa - Mandomedio.com","robots":{"index":"index","follow":"follow","max-snippet":"max-snippet:-1","max-image-preview":"max-image-preview:large","max-video-preview":"max-video-preview:-1"},"canonical":"https:\/\/mandomedio.com\/colombia\/blog\/pantallas-digitales-para-una-mejor-comunicacion-corporativa\/","og_locale":"es_ES","og_type":"article","og_title":"Pantallas Digitales para una mejor comunicaci\u00f3n corporativa - Mandomedio.com","og_description":"Una soluci\u00f3n digital que podemos entregar a la comunicaci\u00f3n corporativa, se sit\u00faa en el uso de pantallas digitales para informar. Conoce m\u00e1s aqu\u00ed.","og_url":"https:\/\/mandomedio.com\/colombia\/blog\/pantallas-digitales-para-una-mejor-comunicacion-corporativa\/","og_site_name":"Mandomedio.com","article_published_time":"2021-03-24T18:34:51+00:00","og_image":[{"url":"https:\/\/new.mandomedio.com\/colombia\/wp-content\/uploads\/2021\/03\/pantallas-digitales-mandomedio.jpg","type":"","width":"","height":""}],"author":"comunicaciones@mandomedio.com","twitter_card":"summary_large_image","twitter_misc":{"Escrito por":"comunicaciones@mandomedio.com","Tiempo de lectura":"4 minutos"},"schema":{"@context":"https:\/\/schema.org","@graph":[{"@type":"Article","@id":"https:\/\/mandomedio.com\/colombia\/blog\/pantallas-digitales-para-una-mejor-comunicacion-corporativa\/#article","isPartOf":{"@id":"https:\/\/mandomedio.com\/colombia\/blog\/pantallas-digitales-para-una-mejor-comunicacion-corporativa\/"},"author":{"name":"comunicaciones@mandomedio.com","@id":"https:\/\/mandomedio.com\/colombia\/#\/schema\/person\/689c95c0f55de372d8310543497e27c9"},"headline":"Pantallas Digitales para una mejor comunicaci\u00f3n corporativa","datePublished":"2021-03-24T18:34:51+00:00","mainEntityOfPage":{"@id":"https:\/\/mandomedio.com\/colombia\/blog\/pantallas-digitales-para-una-mejor-comunicacion-corporativa\/"},"wordCount":868,"image":{"@id":"https:\/\/mandomedio.com\/colombia\/blog\/pantallas-digitales-para-una-mejor-comunicacion-corporativa\/#primaryimage"},"thumbnailUrl":"https:\/\/mandomedio.com\/colombia\/wp-content\/uploads\/2021\/03\/pantallas-digitales-mandomedio-2.jpg","keywords":["comunicaci\u00f3n interna","head hunters","organizacional","organizaciones","Personal"],"articleSection":["blog","Noticias"],"inLanguage":"es"},{"@type":"WebPage","@id":"https:\/\/mandomedio.com\/colombia\/blog\/pantallas-digitales-para-una-mejor-comunicacion-corporativa\/","url":"https:\/\/mandomedio.com\/colombia\/blog\/pantallas-digitales-para-una-mejor-comunicacion-corporativa\/","name":"Pantallas Digitales para una mejor comunicaci\u00f3n corporativa - Mandomedio.com","isPartOf":{"@id":"https:\/\/mandomedio.com\/colombia\/#website"},"primaryImageOfPage":{"@id":"https:\/\/mandomedio.com\/colombia\/blog\/pantallas-digitales-para-una-mejor-comunicacion-corporativa\/#primaryimage"},"image":{"@id":"https:\/\/mandomedio.com\/colombia\/blog\/pantallas-digitales-para-una-mejor-comunicacion-corporativa\/#primaryimage"},"thumbnailUrl":"https:\/\/mandomedio.com\/colombia\/wp-content\/uploads\/2021\/03\/pantallas-digitales-mandomedio-2.jpg","datePublished":"2021-03-24T18:34:51+00:00","author":{"@id":"https:\/\/mandomedio.com\/colombia\/#\/schema\/person\/689c95c0f55de372d8310543497e27c9"},"breadcrumb":{"@id":"https:\/\/mandomedio.com\/colombia\/blog\/pantallas-digitales-para-una-mejor-comunicacion-corporativa\/#breadcrumb"},"inLanguage":"es","potentialAction":[{"@type":"ReadAction","target":["https:\/\/mandomedio.com\/colombia\/blog\/pantallas-digitales-para-una-mejor-comunicacion-corporativa\/"]}]},{"@type":"ImageObject","inLanguage":"es","@id":"https:\/\/mandomedio.com\/colombia\/blog\/pantallas-digitales-para-una-mejor-comunicacion-corporativa\/#primaryimage","url":"https:\/\/mandomedio.com\/colombia\/wp-content\/uploads\/2021\/03\/pantallas-digitales-mandomedio-2.jpg","contentUrl":"https:\/\/mandomedio.com\/colombia\/wp-content\/uploads\/2021\/03\/pantallas-digitales-mandomedio-2.jpg","width":1024,"height":683,"caption":"pantallas digitales Mandomedio"},{"@type":"BreadcrumbList","@id":"https:\/\/mandomedio.com\/colombia\/blog\/pantallas-digitales-para-una-mejor-comunicacion-corporativa\/#breadcrumb","itemListElement":[{"@type":"ListItem","position":1,"name":"Home","item":"https:\/\/mandomedio.com\/colombia\/"},{"@type":"ListItem","position":2,"name":"Pantallas Digitales para una mejor comunicaci\u00f3n corporativa"}]},{"@type":"WebSite","@id":"https:\/\/mandomedio.com\/colombia\/#website","url":"https:\/\/mandomedio.com\/colombia\/","name":"Mandomedio.com","description":"","potentialAction":[{"@type":"SearchAction","target":{"@type":"EntryPoint","urlTemplate":"https:\/\/mandomedio.com\/colombia\/?s={search_term_string}"},"query-input":{"@type":"PropertyValueSpecification","valueRequired":true,"valueName":"search_term_string"}}],"inLanguage":"es"},{"@type":"Person","@id":"https:\/\/mandomedio.com\/colombia\/#\/schema\/person\/689c95c0f55de372d8310543497e27c9","name":"comunicaciones@mandomedio.com","sameAs":["https:\/\/new.mandomedio.com"],"url":"https:\/\/mandomedio.com\/colombia\/blog\/author\/comunicacionesmandomedio-com\/"}]}},"_links":{"self":[{"href":"https:\/\/mandomedio.com\/colombia\/wp-json\/wp\/v2\/posts\/6402","targetHints":{"allow":["GET"]}}],"collection":[{"href":"https:\/\/mandomedio.com\/colombia\/wp-json\/wp\/v2\/posts"}],"about":[{"href":"https:\/\/mandomedio.com\/colombia\/wp-json\/wp\/v2\/types\/post"}],"author":[{"embeddable":true,"href":"https:\/\/mandomedio.com\/colombia\/wp-json\/wp\/v2\/users\/1"}],"replies":[{"embeddable":true,"href":"https:\/\/mandomedio.com\/colombia\/wp-json\/wp\/v2\/comments?post=6402"}],"version-history":[{"count":0,"href":"https:\/\/mandomedio.com\/colombia\/wp-json\/wp\/v2\/posts\/6402\/revisions"}],"wp:featuredmedia":[{"embeddable":true,"href":"https:\/\/mandomedio.com\/colombia\/wp-json\/wp\/v2\/media\/6403"}],"wp:attachment":[{"href":"https:\/\/mandomedio.com\/colombia\/wp-json\/wp\/v2\/media?parent=6402"}],"wp:term":[{"taxonomy":"category","embeddable":true,"href":"https:\/\/mandomedio.com\/colombia\/wp-json\/wp\/v2\/categories?post=6402"},{"taxonomy":"post_tag","embeddable":true,"href":"https:\/\/mandomedio.com\/colombia\/wp-json\/wp\/v2\/tags?post=6402"}],"curies":[{"name":"wp","href":"https:\/\/api.w.org\/{rel}","templated":true}]}}