{"id":4590,"date":"2020-05-25T20:03:29","date_gmt":"2020-05-25T20:03:29","guid":{"rendered":"https:\/\/new.mandomedio.com\/colombia\/?p=4590"},"modified":"2020-05-25T20:03:29","modified_gmt":"2020-05-25T20:03:29","slug":"los-retos-del-liderazgo-en-tiempos-de-crisis","status":"publish","type":"post","link":"https:\/\/mandomedio.com\/colombia\/blog\/los-retos-del-liderazgo-en-tiempos-de-crisis\/","title":{"rendered":"Los retos del liderazgo en tiempos de crisis"},"content":{"rendered":"\t\t<div data-elementor-type=\"wp-post\" data-elementor-id=\"4590\" class=\"elementor elementor-4590\" data-elementor-post-type=\"post\">\n\t\t\t\t\t\t<section class=\"elementor-section elementor-top-section elementor-element elementor-element-e80cd5e elementor-section-boxed elementor-section-height-default elementor-section-height-default\" data-id=\"e80cd5e\" data-element_type=\"section\" data-e-type=\"section\">\n\t\t\t\t\t\t<div class=\"elementor-container elementor-column-gap-default\">\n\t\t\t\t\t<div class=\"elementor-column elementor-col-100 elementor-top-column elementor-element elementor-element-8805241\" data-id=\"8805241\" data-element_type=\"column\" data-e-type=\"column\">\n\t\t\t<div class=\"elementor-widget-wrap elementor-element-populated\">\n\t\t\t\t\t\t<div class=\"elementor-element elementor-element-ca34b24 elementor-widget elementor-widget-image\" data-id=\"ca34b24\" data-element_type=\"widget\" data-e-type=\"widget\" data-widget_type=\"image.default\">\n\t\t\t\t<div class=\"elementor-widget-container\">\n\t\t\t\t\t\t\t\t\t\t\t\t\t\t\t<img fetchpriority=\"high\" decoding=\"async\" width=\"800\" height=\"534\" src=\"https:\/\/mandomedio.com\/colombia\/wp-content\/uploads\/2020\/05\/tiempos-de-crisis-Mandomedio-Colombia-1.jpg\" class=\"attachment-large size-large wp-image-4595\" alt=\"Los retos del liderazgo en tiempos de crisis | Mandomedio Colombia\" srcset=\"https:\/\/mandomedio.com\/colombia\/wp-content\/uploads\/2020\/05\/tiempos-de-crisis-Mandomedio-Colombia-1.jpg 1024w, https:\/\/mandomedio.com\/colombia\/wp-content\/uploads\/2020\/05\/tiempos-de-crisis-Mandomedio-Colombia-1-300x200.jpg 300w, https:\/\/mandomedio.com\/colombia\/wp-content\/uploads\/2020\/05\/tiempos-de-crisis-Mandomedio-Colombia-1-768x512.jpg 768w\" sizes=\"(max-width: 800px) 100vw, 800px\" \/>\t\t\t\t\t\t\t\t\t\t\t\t\t\t\t<\/div>\n\t\t\t\t<\/div>\n\t\t\t\t<div class=\"elementor-element elementor-element-896c076 elementor-mobile-align-center elementor-widget elementor-widget-post-info\" data-id=\"896c076\" data-element_type=\"widget\" data-e-type=\"widget\" data-widget_type=\"post-info.default\">\n\t\t\t\t<div class=\"elementor-widget-container\">\n\t\t\t\t\t\t\t<ul class=\"elementor-inline-items elementor-icon-list-items elementor-post-info\">\n\t\t\t\t\t\t\t\t<li class=\"elementor-icon-list-item elementor-repeater-item-147ed4b elementor-inline-item\" itemprop=\"datePublished\">\n\t\t\t\t\t\t\t\t\t\t<span class=\"elementor-icon-list-icon\">\n\t\t\t\t\t\t\t\t\t\t\t\t\t\t<i class=\"fa fa-calendar\" aria-hidden=\"true\"><\/i>\n\t\t\t\t\t\t\t\t\t\t\t\t<\/span>\n\t\t\t\t\t\t\t\t\t<span class=\"elementor-icon-list-text elementor-post-info__item elementor-post-info__item--type-date\">\n\t\t\t\t\t\t\t\t\t\t<time>mayo 25, 2020<\/time>\t\t\t\t\t<\/span>\n\t\t\t\t\t\t\t\t<\/li>\n\t\t\t\t<\/ul>\n\t\t\t\t\t\t<\/div>\n\t\t\t\t<\/div>\n\t\t\t\t<div class=\"elementor-element elementor-element-02434bc elementor-widget elementor-widget-text-editor\" data-id=\"02434bc\" data-element_type=\"widget\" data-e-type=\"widget\" data-widget_type=\"text-editor.default\">\n\t\t\t\t<div class=\"elementor-widget-container\">\n\t\t\t\t\t\t\t\t\t<p><span style=\"color: #ff6600\"><b>El liderazgo en tiempo de crisis<\/b><\/span><span style=\"font-weight: 400\"> es un tema bastante importante y que debemos tener en cuenta durante esta cuarentena en la que nos encontramos actualmente, <\/span><span style=\"color: #ff6600\"><b>el manejo del liderazgo<\/b><\/span><span style=\"font-weight: 400\"> en esta temporada siempre tiene sus temas buenos y sus temas malos.\u00a0<\/span><\/p><p><span style=\"font-weight: 400\">Para esto contamos con un experto en este tema quien nos regala algunos tips y ense\u00f1anzas sobre \u00a8los retos del liderazgo en tiempos de crisis\u00a8 el es el <span style=\"color: #ff6600\">doctor Hugo Valderrama quien en la actualidad es el presidente del directorio de Mandomedio Colombia<\/span>, ingeniero de sistemas de profesi\u00f3n, tiene un MBA y PHD en Administraci\u00f3n de empresas, honoris causa en Gerencia de recursos humanos, es un empresario creador de m\u00e1s de 25 organizaciones y escritor de 9 libros de diferentes temas.\u00a0<\/span><\/p><p>\u00a0<\/p><h2><span style=\"color: #ff6600\"><span style=\"font-weight: 400\">\u201cDentro del tema del <\/span><b>liderazgo<\/b><span style=\"font-weight: 400\"> hice un libro dedicado al liderazgo y una pel\u00edcula que se llamaba <\/span><b>liderazgo para el siglo XXI\u00b4\u00b4<\/b><span style=\"font-weight: 400\"> recalca el Doctor <strong>Hugo Valderrama<\/strong>.<\/span><\/span><\/h2><p>\u00a0<\/p><p><span style=\"color: #ff6600\"><b>En tiempos de crisis<\/b><\/span><span style=\"font-weight: 400\"> debemos tener presente que no es f\u00e1cil mantener un <\/span><span style=\"color: #ff6600\"><b>liderazgo positivo<\/b><\/span><span style=\"font-weight: 400\">, en muchas ocasiones se puede hundir el barco en el que estemos navegando y es ah\u00ed donde hay que aprender a cambiar el chip que nos indica que debemos trabajar en equipo, estar comunicados como equipo, y mejorar las relaciones interpersonales para seguir caminando en medio de la tempestad por la que se est\u00e9 atravesando.<\/span><\/p><p><span style=\"font-weight: 400\">Por esto resaltamos esta frase que es importante que la tengamos presente \u00a8<\/span><span style=\"color: #ff6600\"><b>El liderazgo en tiempo de crisis se distribuye <\/b><\/span><span style=\"font-weight: 400\">diferente y los l\u00edderes cambian, no solamente en su estilo, en sus decisiones o en sus comportamientos, sino tambi\u00e9n cambian los protagonistas\u00a8 comenta <strong><span style=\"color: #ff6600\">Hugo Valderrama<\/span><\/strong>.<\/span><\/p><p><span style=\"font-weight: 400\">Un l\u00edder debe tener presente varias facetas que se ir\u00e1n mostrando en el camino, pero, una de esas es la <\/span><span style=\"text-decoration: underline\"><span style=\"color: #ff6600;text-decoration: underline\"><a style=\"color: #ff6600;text-decoration: underline\" href=\"https:\/\/colombia.gladirincon.com\/noticias\/teletrabajo-en-colombia-tips-para-poder-realizarlo-cuando-tenemos-hijos\/\" target=\"_blank\" rel=\"noopener\"><b>adaptaci\u00f3n a nuevos retos<\/b><\/a><\/span><\/span><span style=\"font-weight: 400\"> en donde se debe tener presente que durante esta cuarentena muchas veces debemos lanzarnos a vivir nuevas cosas, lanzar <\/span><span style=\"color: #ff6600\"><b>nuevas ideas<\/b><\/span><span style=\"font-weight: 400\">; tambi\u00e9n tenemos que tener presente que la adaptaci\u00f3n y manejo de cambios nuevos conlleva a tener muchas angustias y expectativas.<\/span><\/p><p>\u00a0<\/p><h3><span style=\"font-weight: 400;color: #ff6600\">\u00a8Muchos l\u00edderes cree que los dem\u00e1s trabajan para ellos y ese es un gran error, <strong>el l\u00edder en general esta al servicio de todos los dem\u00e1s<\/strong>\u00a8 nos cuenta Hugo Valderrama.<\/span><\/h3><p>\u00a0<\/p><p><span style=\"font-weight: 400\">Un l\u00edder tiene que velar por los dem\u00e1s, que est\u00e9n bien, que se faciliten las cosas en el trabajo, ayuda en todos los \u00e1mbitos que necesiten, incluso debe tener esa responsabilidad para que tu equipo tenga \u00e9xito, tiene que llevar a un grupo humano al \u00e9xito.<\/span><\/p><p><span style=\"font-weight: 400\">\u00a8En la crisis las reglas del juego que ven\u00edan antes ya no existen, <\/span><span style=\"color: #ff6600\"><b>todo cambio, todo es pasado y hay que administrar el presente <\/b><\/span><span style=\"font-weight: 400\">y si no lo administramos bien no hay futuro, este es el gran pensamiento en ese momento y que hay que hacer hay que moverse con inteligencia, moverse muy r\u00e1pido\u00a8 comparte Hugo Valderrama<\/span><\/p><p style=\"text-align: center\">\u00a0<\/p><p style=\"text-align: center\"><strong>Si quieres ver el webinar en vivo sobre este tema, te dejamos el link de YouTube <\/strong><\/p><p style=\"text-align: center\"><strong><span style=\"text-decoration: underline;color: #ff6600\"><a style=\"color: #ff6600\" href=\"https:\/\/www.youtube.com\/watch?v=FRWktWSCG10\" target=\"_blank\" rel=\"noopener\">https:\/\/www.youtube.com\/watch?v=FRWktWSCG10<\/a><\/span>.<\/strong><\/p>\t\t\t\t\t\t\t\t<\/div>\n\t\t\t\t<\/div>\n\t\t\t\t<div class=\"elementor-element elementor-element-78d9d89 elementor-widget elementor-widget-text-editor\" data-id=\"78d9d89\" data-element_type=\"widget\" data-e-type=\"widget\" data-widget_type=\"text-editor.default\">\n\t\t\t\t<div class=\"elementor-widget-container\">\n\t\t\t\t\t\t\t\t\t<p style=\"text-align: center\"><span style=\"text-decoration: underline\"><a href=\"https:\/\/colombia.gladirincon.com\/blog\/\" target=\"_blank\" rel=\"noopener\"><strong><span style=\"color: #ff6600;text-decoration: underline\">\u00a1Conoce m\u00e1s notas que te podr\u00edan interesar en nuestro Blog haciendo<\/span><\/strong><strong><span style=\"color: #ff6600;text-decoration: underline\"> clic aqu\u00ed!<\/span><\/strong><\/a><\/span><\/p>\t\t\t\t\t\t\t\t<\/div>\n\t\t\t\t<\/div>\n\t\t\t\t<div class=\"elementor-element elementor-element-c38d4fa elementor-widget elementor-widget-text-editor\" data-id=\"c38d4fa\" data-element_type=\"widget\" data-e-type=\"widget\" data-widget_type=\"text-editor.default\">\n\t\t\t\t<div class=\"elementor-widget-container\">\n\t\t\t\t\t\t\t\t\t<p style=\"text-align: center\"><a href=\"https:\/\/colombia.gladirincon.com\/tips\/\" target=\"_blank\" rel=\"noopener\"><span style=\"text-decoration: underline\"><strong><span style=\"color: #ff6600;text-decoration: underline\">\u00a1Conoce tambi\u00e9n los principales Tips laborales haciendo<\/span><\/strong><strong><span style=\"color: #ff6600;text-decoration: underline\"> clic aqu\u00ed!<\/span><\/strong><\/span><\/a><\/p>\t\t\t\t\t\t\t\t<\/div>\n\t\t\t\t<\/div>\n\t\t\t\t\t<\/div>\n\t\t<\/div>\n\t\t\t\t\t<\/div>\n\t\t<\/section>\n\t\t\t\t<section class=\"elementor-section elementor-top-section elementor-element elementor-element-d98b89c elementor-section-boxed elementor-section-height-default elementor-section-height-default\" data-id=\"d98b89c\" data-element_type=\"section\" data-e-type=\"section\">\n\t\t\t\t\t\t<div class=\"elementor-container elementor-column-gap-default\">\n\t\t\t\t\t<div class=\"elementor-column elementor-col-100 elementor-top-column elementor-element elementor-element-84d49fa\" data-id=\"84d49fa\" data-element_type=\"column\" data-e-type=\"column\">\n\t\t\t<div class=\"elementor-widget-wrap elementor-element-populated\">\n\t\t\t\t\t\t<div class=\"elementor-element elementor-element-5c73ee0 elementor-widget elementor-widget-heading\" data-id=\"5c73ee0\" data-element_type=\"widget\" data-e-type=\"widget\" data-widget_type=\"heading.default\">\n\t\t\t\t<div class=\"elementor-widget-container\">\n\t\t\t\t\t<h2 class=\"elementor-heading-title elementor-size-default\">Post recientes<\/h2>\t\t\t\t<\/div>\n\t\t\t\t<\/div>\n\t\t\t\t\t<\/div>\n\t\t<\/div>\n\t\t\t\t\t<\/div>\n\t\t<\/section>\n\t\t\t\t<\/div>\n\t\t","protected":false},"excerpt":{"rendered":"<p>En tiempos de crisis debemos tener presente que no es f\u00e1cil mantener un liderazgo positivo, debemos seguir caminando en medio de la tempestad. \u00a1Revisa nuestro webinar aqu\u00ed!<\/p>\n","protected":false},"author":1,"featured_media":4591,"comment_status":"closed","ping_status":"open","sticky":false,"template":"","format":"standard","meta":{"footnotes":""},"categories":[7,26],"tags":[287,282,283,539,292],"class_list":["post-4590","post","type-post","status-publish","format-standard","has-post-thumbnail","hentry","category-blog","category-noticias-blog","tag-contingencia","tag-cuarentena","tag-pandemia","tag-tiempos-de-crisits","tag-webinar"],"yoast_head":"<!-- This site is optimized with the Yoast SEO plugin v27.4 - https:\/\/yoast.com\/product\/yoast-seo-wordpress\/ -->\n<title>Los retos del liderazgo en tiempos de crisis - Mandomedio.com<\/title>\n<meta name=\"robots\" content=\"index, follow, max-snippet:-1, max-image-preview:large, max-video-preview:-1\" \/>\n<link rel=\"canonical\" href=\"https:\/\/mandomedio.com\/colombia\/blog\/los-retos-del-liderazgo-en-tiempos-de-crisis\/\" \/>\n<meta property=\"og:locale\" content=\"es_ES\" \/>\n<meta property=\"og:type\" content=\"article\" \/>\n<meta property=\"og:title\" content=\"Los retos del liderazgo en tiempos de crisis - Mandomedio.com\" \/>\n<meta property=\"og:description\" content=\"En tiempos de crisis debemos tener presente que no es f\u00e1cil mantener un liderazgo positivo, debemos seguir caminando en medio de la tempestad. \u00a1Revisa nuestro webinar aqu\u00ed!\" \/>\n<meta property=\"og:url\" content=\"https:\/\/mandomedio.com\/colombia\/blog\/los-retos-del-liderazgo-en-tiempos-de-crisis\/\" \/>\n<meta property=\"og:site_name\" content=\"Mandomedio.com\" \/>\n<meta property=\"article:published_time\" content=\"2020-05-25T20:03:29+00:00\" \/>\n<meta property=\"og:image\" content=\"https:\/\/new.mandomedio.com\/colombia\/wp-content\/uploads\/2020\/05\/tiempos-de-crisis-Mandomedio-Colombia-1024x683.jpg\" \/>\n<meta name=\"author\" content=\"comunicaciones@mandomedio.com\" \/>\n<meta name=\"twitter:card\" content=\"summary_large_image\" \/>\n<meta name=\"twitter:label1\" content=\"Escrito por\" \/>\n\t<meta name=\"twitter:data1\" content=\"comunicaciones@mandomedio.com\" \/>\n\t<meta name=\"twitter:label2\" content=\"Tiempo de lectura\" \/>\n\t<meta name=\"twitter:data2\" content=\"3 minutos\" \/>\n<script type=\"application\/ld+json\" class=\"yoast-schema-graph\">{\"@context\":\"https:\\\/\\\/schema.org\",\"@graph\":[{\"@type\":\"Article\",\"@id\":\"https:\\\/\\\/mandomedio.com\\\/colombia\\\/blog\\\/los-retos-del-liderazgo-en-tiempos-de-crisis\\\/#article\",\"isPartOf\":{\"@id\":\"https:\\\/\\\/mandomedio.com\\\/colombia\\\/blog\\\/los-retos-del-liderazgo-en-tiempos-de-crisis\\\/\"},\"author\":{\"name\":\"comunicaciones@mandomedio.com\",\"@id\":\"https:\\\/\\\/mandomedio.com\\\/colombia\\\/#\\\/schema\\\/person\\\/689c95c0f55de372d8310543497e27c9\"},\"headline\":\"Los retos del liderazgo en tiempos de crisis\",\"datePublished\":\"2020-05-25T20:03:29+00:00\",\"mainEntityOfPage\":{\"@id\":\"https:\\\/\\\/mandomedio.com\\\/colombia\\\/blog\\\/los-retos-del-liderazgo-en-tiempos-de-crisis\\\/\"},\"wordCount\":570,\"image\":{\"@id\":\"https:\\\/\\\/mandomedio.com\\\/colombia\\\/blog\\\/los-retos-del-liderazgo-en-tiempos-de-crisis\\\/#primaryimage\"},\"thumbnailUrl\":\"https:\\\/\\\/mandomedio.com\\\/colombia\\\/wp-content\\\/uploads\\\/2020\\\/05\\\/tiempos-de-crisis-Mandomedio-1.jpg\",\"keywords\":[\"Contingencia\",\"cuarentena\",\"pandemia\",\"tiempos de crisits\",\"Webinar\"],\"articleSection\":[\"blog\",\"Noticias\"],\"inLanguage\":\"es\"},{\"@type\":\"WebPage\",\"@id\":\"https:\\\/\\\/mandomedio.com\\\/colombia\\\/blog\\\/los-retos-del-liderazgo-en-tiempos-de-crisis\\\/\",\"url\":\"https:\\\/\\\/mandomedio.com\\\/colombia\\\/blog\\\/los-retos-del-liderazgo-en-tiempos-de-crisis\\\/\",\"name\":\"Los retos del liderazgo en tiempos de crisis - Mandomedio.com\",\"isPartOf\":{\"@id\":\"https:\\\/\\\/mandomedio.com\\\/colombia\\\/#website\"},\"primaryImageOfPage\":{\"@id\":\"https:\\\/\\\/mandomedio.com\\\/colombia\\\/blog\\\/los-retos-del-liderazgo-en-tiempos-de-crisis\\\/#primaryimage\"},\"image\":{\"@id\":\"https:\\\/\\\/mandomedio.com\\\/colombia\\\/blog\\\/los-retos-del-liderazgo-en-tiempos-de-crisis\\\/#primaryimage\"},\"thumbnailUrl\":\"https:\\\/\\\/mandomedio.com\\\/colombia\\\/wp-content\\\/uploads\\\/2020\\\/05\\\/tiempos-de-crisis-Mandomedio-1.jpg\",\"datePublished\":\"2020-05-25T20:03:29+00:00\",\"author\":{\"@id\":\"https:\\\/\\\/mandomedio.com\\\/colombia\\\/#\\\/schema\\\/person\\\/689c95c0f55de372d8310543497e27c9\"},\"breadcrumb\":{\"@id\":\"https:\\\/\\\/mandomedio.com\\\/colombia\\\/blog\\\/los-retos-del-liderazgo-en-tiempos-de-crisis\\\/#breadcrumb\"},\"inLanguage\":\"es\",\"potentialAction\":[{\"@type\":\"ReadAction\",\"target\":[\"https:\\\/\\\/mandomedio.com\\\/colombia\\\/blog\\\/los-retos-del-liderazgo-en-tiempos-de-crisis\\\/\"]}]},{\"@type\":\"ImageObject\",\"inLanguage\":\"es\",\"@id\":\"https:\\\/\\\/mandomedio.com\\\/colombia\\\/blog\\\/los-retos-del-liderazgo-en-tiempos-de-crisis\\\/#primaryimage\",\"url\":\"https:\\\/\\\/mandomedio.com\\\/colombia\\\/wp-content\\\/uploads\\\/2020\\\/05\\\/tiempos-de-crisis-Mandomedio-1.jpg\",\"contentUrl\":\"https:\\\/\\\/mandomedio.com\\\/colombia\\\/wp-content\\\/uploads\\\/2020\\\/05\\\/tiempos-de-crisis-Mandomedio-1.jpg\",\"width\":1024,\"height\":683,\"caption\":\"Los retos del liderazgo en tiempos de crisis | Mandomedio Colombia\"},{\"@type\":\"BreadcrumbList\",\"@id\":\"https:\\\/\\\/mandomedio.com\\\/colombia\\\/blog\\\/los-retos-del-liderazgo-en-tiempos-de-crisis\\\/#breadcrumb\",\"itemListElement\":[{\"@type\":\"ListItem\",\"position\":1,\"name\":\"Home\",\"item\":\"https:\\\/\\\/mandomedio.com\\\/colombia\\\/\"},{\"@type\":\"ListItem\",\"position\":2,\"name\":\"Los retos del liderazgo en tiempos de crisis\"}]},{\"@type\":\"WebSite\",\"@id\":\"https:\\\/\\\/mandomedio.com\\\/colombia\\\/#website\",\"url\":\"https:\\\/\\\/mandomedio.com\\\/colombia\\\/\",\"name\":\"Mandomedio.com\",\"description\":\"\",\"potentialAction\":[{\"@type\":\"SearchAction\",\"target\":{\"@type\":\"EntryPoint\",\"urlTemplate\":\"https:\\\/\\\/mandomedio.com\\\/colombia\\\/?s={search_term_string}\"},\"query-input\":{\"@type\":\"PropertyValueSpecification\",\"valueRequired\":true,\"valueName\":\"search_term_string\"}}],\"inLanguage\":\"es\"},{\"@type\":\"Person\",\"@id\":\"https:\\\/\\\/mandomedio.com\\\/colombia\\\/#\\\/schema\\\/person\\\/689c95c0f55de372d8310543497e27c9\",\"name\":\"comunicaciones@mandomedio.com\",\"sameAs\":[\"https:\\\/\\\/new.mandomedio.com\"],\"url\":\"https:\\\/\\\/mandomedio.com\\\/colombia\\\/blog\\\/author\\\/comunicacionesmandomedio-com\\\/\"}]}<\/script>\n<!-- \/ Yoast SEO plugin. -->","yoast_head_json":{"title":"Los retos del liderazgo en tiempos de crisis - Mandomedio.com","robots":{"index":"index","follow":"follow","max-snippet":"max-snippet:-1","max-image-preview":"max-image-preview:large","max-video-preview":"max-video-preview:-1"},"canonical":"https:\/\/mandomedio.com\/colombia\/blog\/los-retos-del-liderazgo-en-tiempos-de-crisis\/","og_locale":"es_ES","og_type":"article","og_title":"Los retos del liderazgo en tiempos de crisis - Mandomedio.com","og_description":"En tiempos de crisis debemos tener presente que no es f\u00e1cil mantener un liderazgo positivo, debemos seguir caminando en medio de la tempestad. \u00a1Revisa nuestro webinar aqu\u00ed!","og_url":"https:\/\/mandomedio.com\/colombia\/blog\/los-retos-del-liderazgo-en-tiempos-de-crisis\/","og_site_name":"Mandomedio.com","article_published_time":"2020-05-25T20:03:29+00:00","og_image":[{"url":"https:\/\/new.mandomedio.com\/colombia\/wp-content\/uploads\/2020\/05\/tiempos-de-crisis-Mandomedio-Colombia-1024x683.jpg","type":"","width":"","height":""}],"author":"comunicaciones@mandomedio.com","twitter_card":"summary_large_image","twitter_misc":{"Escrito por":"comunicaciones@mandomedio.com","Tiempo de lectura":"3 minutos"},"schema":{"@context":"https:\/\/schema.org","@graph":[{"@type":"Article","@id":"https:\/\/mandomedio.com\/colombia\/blog\/los-retos-del-liderazgo-en-tiempos-de-crisis\/#article","isPartOf":{"@id":"https:\/\/mandomedio.com\/colombia\/blog\/los-retos-del-liderazgo-en-tiempos-de-crisis\/"},"author":{"name":"comunicaciones@mandomedio.com","@id":"https:\/\/mandomedio.com\/colombia\/#\/schema\/person\/689c95c0f55de372d8310543497e27c9"},"headline":"Los retos del liderazgo en tiempos de crisis","datePublished":"2020-05-25T20:03:29+00:00","mainEntityOfPage":{"@id":"https:\/\/mandomedio.com\/colombia\/blog\/los-retos-del-liderazgo-en-tiempos-de-crisis\/"},"wordCount":570,"image":{"@id":"https:\/\/mandomedio.com\/colombia\/blog\/los-retos-del-liderazgo-en-tiempos-de-crisis\/#primaryimage"},"thumbnailUrl":"https:\/\/mandomedio.com\/colombia\/wp-content\/uploads\/2020\/05\/tiempos-de-crisis-Mandomedio-1.jpg","keywords":["Contingencia","cuarentena","pandemia","tiempos de crisits","Webinar"],"articleSection":["blog","Noticias"],"inLanguage":"es"},{"@type":"WebPage","@id":"https:\/\/mandomedio.com\/colombia\/blog\/los-retos-del-liderazgo-en-tiempos-de-crisis\/","url":"https:\/\/mandomedio.com\/colombia\/blog\/los-retos-del-liderazgo-en-tiempos-de-crisis\/","name":"Los retos del liderazgo en tiempos de crisis - Mandomedio.com","isPartOf":{"@id":"https:\/\/mandomedio.com\/colombia\/#website"},"primaryImageOfPage":{"@id":"https:\/\/mandomedio.com\/colombia\/blog\/los-retos-del-liderazgo-en-tiempos-de-crisis\/#primaryimage"},"image":{"@id":"https:\/\/mandomedio.com\/colombia\/blog\/los-retos-del-liderazgo-en-tiempos-de-crisis\/#primaryimage"},"thumbnailUrl":"https:\/\/mandomedio.com\/colombia\/wp-content\/uploads\/2020\/05\/tiempos-de-crisis-Mandomedio-1.jpg","datePublished":"2020-05-25T20:03:29+00:00","author":{"@id":"https:\/\/mandomedio.com\/colombia\/#\/schema\/person\/689c95c0f55de372d8310543497e27c9"},"breadcrumb":{"@id":"https:\/\/mandomedio.com\/colombia\/blog\/los-retos-del-liderazgo-en-tiempos-de-crisis\/#breadcrumb"},"inLanguage":"es","potentialAction":[{"@type":"ReadAction","target":["https:\/\/mandomedio.com\/colombia\/blog\/los-retos-del-liderazgo-en-tiempos-de-crisis\/"]}]},{"@type":"ImageObject","inLanguage":"es","@id":"https:\/\/mandomedio.com\/colombia\/blog\/los-retos-del-liderazgo-en-tiempos-de-crisis\/#primaryimage","url":"https:\/\/mandomedio.com\/colombia\/wp-content\/uploads\/2020\/05\/tiempos-de-crisis-Mandomedio-1.jpg","contentUrl":"https:\/\/mandomedio.com\/colombia\/wp-content\/uploads\/2020\/05\/tiempos-de-crisis-Mandomedio-1.jpg","width":1024,"height":683,"caption":"Los retos del liderazgo en tiempos de crisis | Mandomedio Colombia"},{"@type":"BreadcrumbList","@id":"https:\/\/mandomedio.com\/colombia\/blog\/los-retos-del-liderazgo-en-tiempos-de-crisis\/#breadcrumb","itemListElement":[{"@type":"ListItem","position":1,"name":"Home","item":"https:\/\/mandomedio.com\/colombia\/"},{"@type":"ListItem","position":2,"name":"Los retos del liderazgo en tiempos de crisis"}]},{"@type":"WebSite","@id":"https:\/\/mandomedio.com\/colombia\/#website","url":"https:\/\/mandomedio.com\/colombia\/","name":"Mandomedio.com","description":"","potentialAction":[{"@type":"SearchAction","target":{"@type":"EntryPoint","urlTemplate":"https:\/\/mandomedio.com\/colombia\/?s={search_term_string}"},"query-input":{"@type":"PropertyValueSpecification","valueRequired":true,"valueName":"search_term_string"}}],"inLanguage":"es"},{"@type":"Person","@id":"https:\/\/mandomedio.com\/colombia\/#\/schema\/person\/689c95c0f55de372d8310543497e27c9","name":"comunicaciones@mandomedio.com","sameAs":["https:\/\/new.mandomedio.com"],"url":"https:\/\/mandomedio.com\/colombia\/blog\/author\/comunicacionesmandomedio-com\/"}]}},"_links":{"self":[{"href":"https:\/\/mandomedio.com\/colombia\/wp-json\/wp\/v2\/posts\/4590","targetHints":{"allow":["GET"]}}],"collection":[{"href":"https:\/\/mandomedio.com\/colombia\/wp-json\/wp\/v2\/posts"}],"about":[{"href":"https:\/\/mandomedio.com\/colombia\/wp-json\/wp\/v2\/types\/post"}],"author":[{"embeddable":true,"href":"https:\/\/mandomedio.com\/colombia\/wp-json\/wp\/v2\/users\/1"}],"replies":[{"embeddable":true,"href":"https:\/\/mandomedio.com\/colombia\/wp-json\/wp\/v2\/comments?post=4590"}],"version-history":[{"count":0,"href":"https:\/\/mandomedio.com\/colombia\/wp-json\/wp\/v2\/posts\/4590\/revisions"}],"wp:featuredmedia":[{"embeddable":true,"href":"https:\/\/mandomedio.com\/colombia\/wp-json\/wp\/v2\/media\/4591"}],"wp:attachment":[{"href":"https:\/\/mandomedio.com\/colombia\/wp-json\/wp\/v2\/media?parent=4590"}],"wp:term":[{"taxonomy":"category","embeddable":true,"href":"https:\/\/mandomedio.com\/colombia\/wp-json\/wp\/v2\/categories?post=4590"},{"taxonomy":"post_tag","embeddable":true,"href":"https:\/\/mandomedio.com\/colombia\/wp-json\/wp\/v2\/tags?post=4590"}],"curies":[{"name":"wp","href":"https:\/\/api.w.org\/{rel}","templated":true}]}}